{"id":1462,"date":"2021-05-31T14:22:00","date_gmt":"2021-05-31T17:22:00","guid":{"rendered":"https:\/\/prefeitura.santarosa.rs.gov.br\/?p=1462"},"modified":"2024-10-07T09:55:02","modified_gmt":"2024-10-07T12:55:02","slug":"academica-de-nutricao-realiza-atividades-de-conscientizacao","status":"publish","type":"post","link":"https:\/\/prefeitura.santarosa.rs.gov.br\/?p=1462","title":{"rendered":"Acad\u00eamica de Nutri\u00e7\u00e3o realiza atividades de conscientiza\u00e7\u00e3o"},"content":{"rendered":"\n<p>Cada indiv\u00edduo recebeu um folheto com orienta\u00e7\u00f5es para preven\u00e7\u00e3o e tratamento das dislipidemias.<\/p>\n\n\n\n<p>A acad\u00eamica de Nutri\u00e7\u00e3o Joana Rodrigues, da Universidade Federal de Santa Maria (UFSM) &#8211; Campus Palmeira das Miss\u00f5es, realiza atualmente est\u00e1gio supervisionado pela nutricionista Cybelle Lunardi Brum e orientado pela Professora Dr\u00aa Greisse Leal, na FUMSSAR &#8211; Santa Rosa. A acad\u00eamica desenvolveu atividade com metodologia de sala de espera com os pacientes da ESF Esperan\u00e7a. Foi abordado como tema as dislipidemias: o que s\u00e3o, quais as causas, e como prevenir e tratar.<br><br>A atividade teve como objetivo, a conscientiza\u00e7\u00e3o da gravidade dessas doen\u00e7as e a import\u00e2ncia de serem tratadas e prevenidas com seriedade. Bem como, chamar a aten\u00e7\u00e3o para aqueles pacientes que j\u00e1 tem o diagn\u00f3stico e que tenham mais ades\u00e3o \u00e0s orienta\u00e7\u00f5es nutricionais. Juntamente com a explica\u00e7\u00e3o e ilustra\u00e7\u00e3o dessa condi\u00e7\u00e3o, cada indiv\u00edduo recebeu um folheto com orienta\u00e7\u00f5es para preven\u00e7\u00e3o e tratamento das dislipidemias.<br>Outra atividade desenvolvida pela acad\u00eamica foi uma conversa com os alunos do 3\u00ba e 4\u00ba ano da Escola Municipal de Ensino Fundamental Santa Rita. Na conversa, foi abordada a classifica\u00e7\u00e3o do grau de processamento dos alimentos segundo o Guia Alimentar para a popula\u00e7\u00e3o brasileira.<br><br>A atividade teve como objetivo desenvolver a autonomia e sensibilizar as crian\u00e7as na hora de fazerem suas pr\u00f3prias escolhas alimentares. Ao final da atividade os alunos foram convidados a desenhar lanches que trariam para a escola usando o que aprenderam e a \u201cregra de ouro\u201d. Essa \u201cregra\u201d consiste em sempre preferir alimentos in natura ou minimamente processados e prepara\u00e7\u00f5es culin\u00e1rias a alimentos ultraprocessados.<\/p>\n","protected":false},"excerpt":{"rendered":"<p>Cada indiv\u00edduo recebeu um folheto com orienta\u00e7\u00f5es para preven\u00e7\u00e3o e tratamento das dislipidemias. A acad\u00eamica de Nutri\u00e7\u00e3o Joana Rodrigues, da<\/p>\n","protected":false},"author":3,"featured_media":1464,"comment_status":"open","ping_status":"open","sticky":false,"template":"","format":"standard","meta":{"footnotes":""},"categories":[4,8],"tags":[],"class_list":["post-1462","post","type-post","status-publish","format-standard","has-post-thumbnail","hentry","category-noticias","category-noticias-fumssar"],"aioseo_notices":[],"_links":{"self":[{"href":"https:\/\/prefeitura.santarosa.rs.gov.br\/index.php?rest_route=\/wp\/v2\/posts\/1462","targetHints":{"allow":["GET"]}}],"collection":[{"href":"https:\/\/prefeitura.santarosa.rs.gov.br\/index.php?rest_route=\/wp\/v2\/posts"}],"about":[{"href":"https:\/\/prefeitura.santarosa.rs.gov.br\/index.php?rest_route=\/wp\/v2\/types\/post"}],"author":[{"embeddable":true,"href":"https:\/\/prefeitura.santarosa.rs.gov.br\/index.php?rest_route=\/wp\/v2\/users\/3"}],"replies":[{"embeddable":true,"href":"https:\/\/prefeitura.santarosa.rs.gov.br\/index.php?rest_route=%2Fwp%2Fv2%2Fcomments&post=1462"}],"version-history":[{"count":1,"href":"https:\/\/prefeitura.santarosa.rs.gov.br\/index.php?rest_route=\/wp\/v2\/posts\/1462\/revisions"}],"predecessor-version":[{"id":1463,"href":"https:\/\/prefeitura.santarosa.rs.gov.br\/index.php?rest_route=\/wp\/v2\/posts\/1462\/revisions\/1463"}],"wp:featuredmedia":[{"embeddable":true,"href":"https:\/\/prefeitura.santarosa.rs.gov.br\/index.php?rest_route=\/wp\/v2\/media\/1464"}],"wp:attachment":[{"href":"https:\/\/prefeitura.santarosa.rs.gov.br\/index.php?rest_route=%2Fwp%2Fv2%2Fmedia&parent=1462"}],"wp:term":[{"taxonomy":"category","embeddable":true,"href":"https:\/\/prefeitura.santarosa.rs.gov.br\/index.php?rest_route=%2Fwp%2Fv2%2Fcategories&post=1462"},{"taxonomy":"post_tag","embeddable":true,"href":"https:\/\/prefeitura.santarosa.rs.gov.br\/index.php?rest_route=%2Fwp%2Fv2%2Ftags&post=1462"}],"curies":[{"name":"wp","href":"https:\/\/api.w.org\/{rel}","templated":true}]}}