{"id":14617,"date":"2025-07-22T16:49:37","date_gmt":"2025-07-22T19:49:37","guid":{"rendered":"https:\/\/prefeitura.santarosa.rs.gov.br\/?p=14617"},"modified":"2025-07-22T16:49:37","modified_gmt":"2025-07-22T19:49:37","slug":"prefeito-anderson-mantei-e-presidente-da-fenasoja-2026-divulgam-proxima-edicao-da-feira-em-porto-alegre","status":"publish","type":"post","link":"https:\/\/prefeitura.santarosa.rs.gov.br\/?p=14617","title":{"rendered":"Prefeito Anderson Mantei e presidente da Fenasoja 2026 divulgam pr\u00f3xima edi\u00e7\u00e3o da feira em Porto Alegre"},"content":{"rendered":"\n<figure class=\"wp-block-image size-large\"><img fetchpriority=\"high\" decoding=\"async\" width=\"1024\" height=\"768\" src=\"https:\/\/prefeitura.santarosa.rs.gov.br\/wp-content\/uploads\/2025\/07\/WhatsApp-Image-2025-07-22-at-16.46.44-1024x768.jpeg\" alt=\"\" class=\"wp-image-14618\" srcset=\"https:\/\/prefeitura.santarosa.rs.gov.br\/wp-content\/uploads\/2025\/07\/WhatsApp-Image-2025-07-22-at-16.46.44-1024x768.jpeg 1024w, https:\/\/prefeitura.santarosa.rs.gov.br\/wp-content\/uploads\/2025\/07\/WhatsApp-Image-2025-07-22-at-16.46.44-300x225.jpeg 300w, https:\/\/prefeitura.santarosa.rs.gov.br\/wp-content\/uploads\/2025\/07\/WhatsApp-Image-2025-07-22-at-16.46.44-768x576.jpeg 768w, https:\/\/prefeitura.santarosa.rs.gov.br\/wp-content\/uploads\/2025\/07\/WhatsApp-Image-2025-07-22-at-16.46.44-1536x1152.jpeg 1536w, https:\/\/prefeitura.santarosa.rs.gov.br\/wp-content\/uploads\/2025\/07\/WhatsApp-Image-2025-07-22-at-16.46.44.jpeg 1600w\" sizes=\"(max-width: 1024px) 100vw, 1024px\" \/><\/figure>\n\n\n\n<p>O Prefeito Anderson Mantei, acompanhado do presidente da Fenasoja 2026, Marcos Servat, est\u00e1 na capital cumprindo agendas para convidar institui\u00e7\u00f5es e empresas para a pr\u00f3xima edi\u00e7\u00e3o da Feira Nacional da Soja.<\/p>\n\n\n\n<p>Eles estiveram reunidos com representantes do BRDE, CREA-RS, Corsan e TV Pampa. Na oportunidade, as institui\u00e7\u00f5es foram convidadas a participar da pr\u00f3xima edi\u00e7\u00e3o da Fenasoja que ir\u00e1 acontecer de 01 a 10 de maio de 2026, \u201cA Fenasoja tem cada vez mais visibilidade e estamos aqui mostrando as novidades da pr\u00f3xima edi\u00e7\u00e3o e garantindo ainda mais apoio para a feira\u201d, destacou o Prefeito Anderson Mantei.<\/p>\n\n\n\n<p>Ainda no CREA-RS, Anderson assinou um protocolo de inten\u00e7\u00f5es para aderir ao conv\u00eanio de coopera\u00e7\u00e3o com o Conselho Ga\u00facho e a Famurs. A iniciativa tem como foco, qualificar planos de trabalho, termos de refer\u00eancia, capacita\u00e7\u00e3o de servidores e a\u00e7\u00f5es conjuntas de fiscaliza\u00e7\u00e3o.<\/p>\n\n\n\n<p>Nesta ter\u00e7a-feira (22), as agendas seguem em Porto Alegre, com visitas ao Banrisul, ao Sistema Ocergs\/Sescoop, ao Badesul e na FIERGS.<\/p>\n","protected":false},"excerpt":{"rendered":"<p>O Prefeito Anderson Mantei, acompanhado do presidente da Fenasoja 2026, Marcos Servat, est\u00e1 na capital cumprindo agendas para convidar institui\u00e7\u00f5es<\/p>\n","protected":false},"author":12,"featured_media":14619,"comment_status":"closed","ping_status":"closed","sticky":false,"template":"","format":"standard","meta":{"footnotes":""},"categories":[4,3],"tags":[],"class_list":["post-14617","post","type-post","status-publish","format-standard","has-post-thumbnail","hentry","category-noticias","category-gabinete-do-prefeito"],"aioseo_notices":[],"_links":{"self":[{"href":"https:\/\/prefeitura.santarosa.rs.gov.br\/index.php?rest_route=\/wp\/v2\/posts\/14617","targetHints":{"allow":["GET"]}}],"collection":[{"href":"https:\/\/prefeitura.santarosa.rs.gov.br\/index.php?rest_route=\/wp\/v2\/posts"}],"about":[{"href":"https:\/\/prefeitura.santarosa.rs.gov.br\/index.php?rest_route=\/wp\/v2\/types\/post"}],"author":[{"embeddable":true,"href":"https:\/\/prefeitura.santarosa.rs.gov.br\/index.php?rest_route=\/wp\/v2\/users\/12"}],"replies":[{"embeddable":true,"href":"https:\/\/prefeitura.santarosa.rs.gov.br\/index.php?rest_route=%2Fwp%2Fv2%2Fcomments&post=14617"}],"version-history":[{"count":1,"href":"https:\/\/prefeitura.santarosa.rs.gov.br\/index.php?rest_route=\/wp\/v2\/posts\/14617\/revisions"}],"predecessor-version":[{"id":14620,"href":"https:\/\/prefeitura.santarosa.rs.gov.br\/index.php?rest_route=\/wp\/v2\/posts\/14617\/revisions\/14620"}],"wp:featuredmedia":[{"embeddable":true,"href":"https:\/\/prefeitura.santarosa.rs.gov.br\/index.php?rest_route=\/wp\/v2\/media\/14619"}],"wp:attachment":[{"href":"https:\/\/prefeitura.santarosa.rs.gov.br\/index.php?rest_route=%2Fwp%2Fv2%2Fmedia&parent=14617"}],"wp:term":[{"taxonomy":"category","embeddable":true,"href":"https:\/\/prefeitura.santarosa.rs.gov.br\/index.php?rest_route=%2Fwp%2Fv2%2Fcategories&post=14617"},{"taxonomy":"post_tag","embeddable":true,"href":"https:\/\/prefeitura.santarosa.rs.gov.br\/index.php?rest_route=%2Fwp%2Fv2%2Ftags&post=14617"}],"curies":[{"name":"wp","href":"https:\/\/api.w.org\/{rel}","templated":true}]}}