{"id":14612,"date":"2025-07-22T16:38:07","date_gmt":"2025-07-22T19:38:07","guid":{"rendered":"https:\/\/prefeitura.santarosa.rs.gov.br\/?p=14612"},"modified":"2025-07-22T16:38:08","modified_gmt":"2025-07-22T19:38:08","slug":"mais-de-800-familias-ja-foram-beneficiadas-pelo-programa-santa-rosa-verde-e-amarela","status":"publish","type":"post","link":"https:\/\/prefeitura.santarosa.rs.gov.br\/?p=14612","title":{"rendered":"Mais de 800 fam\u00edlias j\u00e1 foram beneficiadas pelo Programa Santa Rosa Verde e Amarela"},"content":{"rendered":"\n<figure class=\"wp-block-image size-large\"><img fetchpriority=\"high\" decoding=\"async\" width=\"1024\" height=\"682\" src=\"https:\/\/prefeitura.santarosa.rs.gov.br\/wp-content\/uploads\/2025\/07\/WhatsApp-Image-2025-07-22-at-16.31.41-1024x682.jpeg\" alt=\"\" class=\"wp-image-14613\" srcset=\"https:\/\/prefeitura.santarosa.rs.gov.br\/wp-content\/uploads\/2025\/07\/WhatsApp-Image-2025-07-22-at-16.31.41-1024x682.jpeg 1024w, https:\/\/prefeitura.santarosa.rs.gov.br\/wp-content\/uploads\/2025\/07\/WhatsApp-Image-2025-07-22-at-16.31.41-300x200.jpeg 300w, https:\/\/prefeitura.santarosa.rs.gov.br\/wp-content\/uploads\/2025\/07\/WhatsApp-Image-2025-07-22-at-16.31.41-768x512.jpeg 768w, https:\/\/prefeitura.santarosa.rs.gov.br\/wp-content\/uploads\/2025\/07\/WhatsApp-Image-2025-07-22-at-16.31.41-1536x1024.jpeg 1536w, https:\/\/prefeitura.santarosa.rs.gov.br\/wp-content\/uploads\/2025\/07\/WhatsApp-Image-2025-07-22-at-16.31.41-2048x1365.jpeg 2048w\" sizes=\"(max-width: 1024px) 100vw, 1024px\" \/><\/figure>\n\n\n\n<p>O Programa Habitacional Santa Rosa Verde e Amarela, desenvolvido pela Prefeitura de Santa Rosa, segue transformando vidas e promovendo o acesso ao im\u00f3vel pr\u00f3prio. At\u00e9 o momento, 820 fam\u00edlias j\u00e1 foram contempladas com o subs\u00eddio municipal, totalizando mais de R$ 14,8 milh\u00f5es em investimentos com recursos pr\u00f3prios. Outros 10 processos seguem em an\u00e1lise documental no Departamento de Habita\u00e7\u00e3o.<\/p>\n\n\n\n<p>A iniciativa oferece subs\u00eddio de R$ 18 mil para facilitar a compra ou constru\u00e7\u00e3o da casa pr\u00f3pria. Podem participar fam\u00edlias com renda bruta de at\u00e9 R$ 9 mil, interessadas na aquisi\u00e7\u00e3o de im\u00f3vel novo ou constru\u00e7\u00e3o, com valor financiado de at\u00e9 R$ 350 mil. Segundo o Diretor de Habita\u00e7\u00e3o, Amarildo Kaiber, o programa reafirma o compromisso da administra\u00e7\u00e3o municipal com pol\u00edticas p\u00fablicas de impacto social, \u201cEstamos proporcionando uma oportunidade real para que muitas fam\u00edlias realizem o sonho da casa pr\u00f3pria. \u00c9 um investimento que auxilia os cidad\u00e3os e impulsiona o desenvolvimento da nossa cidade\u201d.<\/p>\n\n\n\n<p>Para acessar o benef\u00edcio, os interessados devem procurar uma institui\u00e7\u00e3o financeira ou de cr\u00e9dito para viabilizar o financiamento. Ap\u00f3s aprova\u00e7\u00e3o nos crit\u00e9rios exigidos, o subs\u00eddio \u00e9 liberado pelo munic\u00edpio.<\/p>\n\n\n\n<p>Requisitos para participar do programa:<br>\u2022 Ser maior de idade ou emancipado<br>\u2022 N\u00e3o possuir im\u00f3vel residencial urbano em Santa Rosa<br>\u2022 Ter renda familiar bruta de at\u00e9 R$ 9 mil<\/p>\n","protected":false},"excerpt":{"rendered":"<p>O Programa Habitacional Santa Rosa Verde e Amarela, desenvolvido pela Prefeitura de Santa Rosa, segue transformando vidas e promovendo o<\/p>\n","protected":false},"author":12,"featured_media":14614,"comment_status":"closed","ping_status":"closed","sticky":false,"template":"","format":"standard","meta":{"footnotes":""},"categories":[4,22],"tags":[],"class_list":["post-14612","post","type-post","status-publish","format-standard","has-post-thumbnail","hentry","category-noticias","category-secretaria-municipal-de-planejamento-e-habitacao"],"aioseo_notices":[],"_links":{"self":[{"href":"https:\/\/prefeitura.santarosa.rs.gov.br\/index.php?rest_route=\/wp\/v2\/posts\/14612","targetHints":{"allow":["GET"]}}],"collection":[{"href":"https:\/\/prefeitura.santarosa.rs.gov.br\/index.php?rest_route=\/wp\/v2\/posts"}],"about":[{"href":"https:\/\/prefeitura.santarosa.rs.gov.br\/index.php?rest_route=\/wp\/v2\/types\/post"}],"author":[{"embeddable":true,"href":"https:\/\/prefeitura.santarosa.rs.gov.br\/index.php?rest_route=\/wp\/v2\/users\/12"}],"replies":[{"embeddable":true,"href":"https:\/\/prefeitura.santarosa.rs.gov.br\/index.php?rest_route=%2Fwp%2Fv2%2Fcomments&post=14612"}],"version-history":[{"count":1,"href":"https:\/\/prefeitura.santarosa.rs.gov.br\/index.php?rest_route=\/wp\/v2\/posts\/14612\/revisions"}],"predecessor-version":[{"id":14615,"href":"https:\/\/prefeitura.santarosa.rs.gov.br\/index.php?rest_route=\/wp\/v2\/posts\/14612\/revisions\/14615"}],"wp:featuredmedia":[{"embeddable":true,"href":"https:\/\/prefeitura.santarosa.rs.gov.br\/index.php?rest_route=\/wp\/v2\/media\/14614"}],"wp:attachment":[{"href":"https:\/\/prefeitura.santarosa.rs.gov.br\/index.php?rest_route=%2Fwp%2Fv2%2Fmedia&parent=14612"}],"wp:term":[{"taxonomy":"category","embeddable":true,"href":"https:\/\/prefeitura.santarosa.rs.gov.br\/index.php?rest_route=%2Fwp%2Fv2%2Fcategories&post=14612"},{"taxonomy":"post_tag","embeddable":true,"href":"https:\/\/prefeitura.santarosa.rs.gov.br\/index.php?rest_route=%2Fwp%2Fv2%2Ftags&post=14612"}],"curies":[{"name":"wp","href":"https:\/\/api.w.org\/{rel}","templated":true}]}}