{"id":14607,"date":"2025-07-22T16:27:03","date_gmt":"2025-07-22T19:27:03","guid":{"rendered":"https:\/\/prefeitura.santarosa.rs.gov.br\/?p=14607"},"modified":"2025-07-22T16:48:41","modified_gmt":"2025-07-22T19:48:41","slug":"mais-uma-obra-de-pavimentacao-em-cruzeiro","status":"publish","type":"post","link":"https:\/\/prefeitura.santarosa.rs.gov.br\/?p=14607","title":{"rendered":"Mais uma obra de pavimenta\u00e7\u00e3o em Cruzeiro"},"content":{"rendered":"\n<figure class=\"wp-block-image size-large\"><img fetchpriority=\"high\" decoding=\"async\" width=\"1024\" height=\"768\" src=\"https:\/\/prefeitura.santarosa.rs.gov.br\/wp-content\/uploads\/2025\/07\/WhatsApp-Image-2025-07-22-at-16.20.46-1024x768.jpeg\" alt=\"\" class=\"wp-image-14608\" srcset=\"https:\/\/prefeitura.santarosa.rs.gov.br\/wp-content\/uploads\/2025\/07\/WhatsApp-Image-2025-07-22-at-16.20.46-1024x768.jpeg 1024w, https:\/\/prefeitura.santarosa.rs.gov.br\/wp-content\/uploads\/2025\/07\/WhatsApp-Image-2025-07-22-at-16.20.46-300x225.jpeg 300w, https:\/\/prefeitura.santarosa.rs.gov.br\/wp-content\/uploads\/2025\/07\/WhatsApp-Image-2025-07-22-at-16.20.46-768x576.jpeg 768w, https:\/\/prefeitura.santarosa.rs.gov.br\/wp-content\/uploads\/2025\/07\/WhatsApp-Image-2025-07-22-at-16.20.46-1536x1152.jpeg 1536w, https:\/\/prefeitura.santarosa.rs.gov.br\/wp-content\/uploads\/2025\/07\/WhatsApp-Image-2025-07-22-at-16.20.46-2048x1536.jpeg 2048w\" sizes=\"(max-width: 1024px) 100vw, 1024px\" \/><\/figure>\n\n\n\n<p>A Prefeitura de Santa Rosa deu in\u00edcio a mais uma obra de pavimenta\u00e7\u00e3o em Santa Rosa. As melhorias ser\u00e3o realizadas na Rua Leopoldo Oliveira, no bairro Cruzeiro. Na manh\u00e3 desta ter\u00e7a-feira (22), o vice-prefeito Aldemir Ulrich acompanhado do vereador Jair Almeida, esteve no local dando a boa not\u00edcia para os moradores.<\/p>\n\n\n\n<p>O projeto contempla a pavimenta\u00e7\u00e3o com pedras irregulares no trecho entre a Rua Pedro Antunes e o final da via no sentido Nordeste (lateral da EMEI Crian\u00e7a Feliz), em uma \u00e1rea de 933,85 m\u00b2. Cerca de R$ 160 mil ser\u00e3o investidos no local. Durante o an\u00fancio, o vice-prefeito Aldemir Ulrich destacou a import\u00e2ncia da obra para os moradores e reafirmou o compromisso da administra\u00e7\u00e3o com o desenvolvimento dos bairros, \u201cS\u00e3o obras como essa que melhoram diretamente a qualidade de vida das pessoas. O compromisso da gest\u00e3o \u00e9 seguir ouvindo as comunidades e trabalhando para atender as necessidades da popula\u00e7\u00e3o com responsabilidade e planejamento\u201d.<\/p>\n\n\n\n<p>Al\u00e9m da pavimenta\u00e7\u00e3o, o projeto inclui servi\u00e7os de regulariza\u00e7\u00e3o do terreno, constru\u00e7\u00e3o de sarjeta e instala\u00e7\u00e3o de meio-fio de concreto. A moradora Marina de F\u00e1tima Corr\u00eaa Machado, comemorou a conquista e agradeceu ao Governo Municipal por atender a esta demanda, \u201cMoro nessa rua h\u00e1 32 anos e hoje chegou o dia de receber o nosso cal\u00e7amento, que o prefeito prometeu para n\u00f3s e cumpriu. Estamos muito contentes e agradecidos por esta obra\u201d. O prazo estimado para a conclus\u00e3o da obra \u00e9 de 180 dias, conforme estabelecido em contrato.<\/p>\n","protected":false},"excerpt":{"rendered":"<p>A Prefeitura de Santa Rosa deu in\u00edcio a mais uma obra de pavimenta\u00e7\u00e3o em Santa Rosa. As melhorias ser\u00e3o realizadas<\/p>\n","protected":false},"author":12,"featured_media":14609,"comment_status":"closed","ping_status":"closed","sticky":false,"template":"","format":"standard","meta":{"footnotes":""},"categories":[4,22],"tags":[],"class_list":["post-14607","post","type-post","status-publish","format-standard","has-post-thumbnail","hentry","category-noticias","category-secretaria-municipal-de-planejamento-e-habitacao"],"aioseo_notices":[],"_links":{"self":[{"href":"https:\/\/prefeitura.santarosa.rs.gov.br\/index.php?rest_route=\/wp\/v2\/posts\/14607","targetHints":{"allow":["GET"]}}],"collection":[{"href":"https:\/\/prefeitura.santarosa.rs.gov.br\/index.php?rest_route=\/wp\/v2\/posts"}],"about":[{"href":"https:\/\/prefeitura.santarosa.rs.gov.br\/index.php?rest_route=\/wp\/v2\/types\/post"}],"author":[{"embeddable":true,"href":"https:\/\/prefeitura.santarosa.rs.gov.br\/index.php?rest_route=\/wp\/v2\/users\/12"}],"replies":[{"embeddable":true,"href":"https:\/\/prefeitura.santarosa.rs.gov.br\/index.php?rest_route=%2Fwp%2Fv2%2Fcomments&post=14607"}],"version-history":[{"count":2,"href":"https:\/\/prefeitura.santarosa.rs.gov.br\/index.php?rest_route=\/wp\/v2\/posts\/14607\/revisions"}],"predecessor-version":[{"id":14616,"href":"https:\/\/prefeitura.santarosa.rs.gov.br\/index.php?rest_route=\/wp\/v2\/posts\/14607\/revisions\/14616"}],"wp:featuredmedia":[{"embeddable":true,"href":"https:\/\/prefeitura.santarosa.rs.gov.br\/index.php?rest_route=\/wp\/v2\/media\/14609"}],"wp:attachment":[{"href":"https:\/\/prefeitura.santarosa.rs.gov.br\/index.php?rest_route=%2Fwp%2Fv2%2Fmedia&parent=14607"}],"wp:term":[{"taxonomy":"category","embeddable":true,"href":"https:\/\/prefeitura.santarosa.rs.gov.br\/index.php?rest_route=%2Fwp%2Fv2%2Fcategories&post=14607"},{"taxonomy":"post_tag","embeddable":true,"href":"https:\/\/prefeitura.santarosa.rs.gov.br\/index.php?rest_route=%2Fwp%2Fv2%2Ftags&post=14607"}],"curies":[{"name":"wp","href":"https:\/\/api.w.org\/{rel}","templated":true}]}}