{"id":14603,"date":"2025-07-21T16:32:37","date_gmt":"2025-07-21T19:32:37","guid":{"rendered":"https:\/\/prefeitura.santarosa.rs.gov.br\/?p=14603"},"modified":"2025-07-21T16:32:37","modified_gmt":"2025-07-21T19:32:37","slug":"prefeitura-de-santa-rosa-garante-manutencao-qualificada-nos-cemiterios-municipais","status":"publish","type":"post","link":"https:\/\/prefeitura.santarosa.rs.gov.br\/?p=14603","title":{"rendered":"Prefeitura de Santa Rosa garante manuten\u00e7\u00e3o qualificada nos cemit\u00e9rios municipais"},"content":{"rendered":"\n<figure class=\"wp-block-image size-large\"><img fetchpriority=\"high\" decoding=\"async\" width=\"1024\" height=\"768\" src=\"https:\/\/prefeitura.santarosa.rs.gov.br\/wp-content\/uploads\/2025\/07\/WhatsApp-Image-2025-07-21-at-16.29.39-1024x768.jpeg\" alt=\"\" class=\"wp-image-14604\" srcset=\"https:\/\/prefeitura.santarosa.rs.gov.br\/wp-content\/uploads\/2025\/07\/WhatsApp-Image-2025-07-21-at-16.29.39-1024x768.jpeg 1024w, https:\/\/prefeitura.santarosa.rs.gov.br\/wp-content\/uploads\/2025\/07\/WhatsApp-Image-2025-07-21-at-16.29.39-300x225.jpeg 300w, https:\/\/prefeitura.santarosa.rs.gov.br\/wp-content\/uploads\/2025\/07\/WhatsApp-Image-2025-07-21-at-16.29.39-768x576.jpeg 768w, https:\/\/prefeitura.santarosa.rs.gov.br\/wp-content\/uploads\/2025\/07\/WhatsApp-Image-2025-07-21-at-16.29.39-1536x1152.jpeg 1536w, https:\/\/prefeitura.santarosa.rs.gov.br\/wp-content\/uploads\/2025\/07\/WhatsApp-Image-2025-07-21-at-16.29.39-2048x1536.jpeg 2048w\" sizes=\"(max-width: 1024px) 100vw, 1024px\" \/><\/figure>\n\n\n\n<p>Desde mar\u00e7o de 2025, os cemit\u00e9rios municipais Jardim da Paz e Campo da Paz (bairro Cruzeiro) est\u00e3o recebendo servi\u00e7os de manuten\u00e7\u00e3o realizados por uma empresa terceirizada, contratada pela Prefeitura de Santa Rosa. O objetivo \u00e9 garantir melhores condi\u00e7\u00f5es estruturais, limpeza e atendimento para as fam\u00edlias que utilizam os espa\u00e7os, por meio de um trabalho cont\u00ednuo e de qualidade.<\/p>\n\n\n\n<p>A manuten\u00e7\u00e3o dos cemit\u00e9rios est\u00e1 sob coordena\u00e7\u00e3o e fiscaliza\u00e7\u00e3o da Secretaria Municipal de Obras, com acompanhamento direto das atividades di\u00e1rias. Segundo o Secret\u00e1rio de Obras, Tenente-Coronel Valtair Dornelles, o trabalho vem trazendo resultados vis\u00edveis, &#8220;Temos acompanhado de perto o servi\u00e7o prestado pela empresa terceirizada, e os resultados s\u00e3o muito positivos. Hoje temos espa\u00e7os mais limpos e organizados, com melhoria na arboriza\u00e7\u00e3o e plantio de flores, o que proporciona mais infraestrutura para os cemit\u00e9rios municipais&#8221;.<\/p>\n\n\n\n<p>A empresa contratada \u00e9 respons\u00e1vel por toda a parte operacional, incluindo fornecimento de pessoal, equipamentos e execu\u00e7\u00e3o de servi\u00e7os como limpeza, conserva\u00e7\u00e3o, poda e remo\u00e7\u00e3o de \u00e1rvores, ro\u00e7ada, varri\u00e7\u00e3o, higieniza\u00e7\u00e3o de caixas d\u2019\u00e1gua, recolhimento de lixo, pintura, manuten\u00e7\u00e3o de banheiros, al\u00e9m da organiza\u00e7\u00e3o dos dep\u00f3sitos de ferramentas e materiais. Tamb\u00e9m fazem parte das atribui\u00e7\u00f5es os servi\u00e7os de constru\u00e7\u00e3o de carneiras, manuten\u00e7\u00e3o de sepulturas, sepultamentos e exuma\u00e7\u00f5es.<\/p>\n\n\n\n<p>Al\u00e9m da manuten\u00e7\u00e3o f\u00edsica dos espa\u00e7os, a Prefeitura realizou o processo completo de cadastramento dos t\u00famulos e sepulturas. Ao todo, foram identificadas 9.175 sepulturas no cemit\u00e9rio Jardim da Paz e 3.673 no cemit\u00e9rio Campo da Paz, no bairro Cruzeiro, o que facilita a organiza\u00e7\u00e3o e o controle dos servi\u00e7os prestados.<\/p>\n\n\n\n<p>A equipe da Secretaria de Obras refor\u00e7a ainda, que o atendimento \u00e0 popula\u00e7\u00e3o para sepultamentos ocorre de segunda a sexta-feira, durante o hor\u00e1rio de expediente. Fora desses hor\u00e1rios, incluindo finais de semana e feriados, as fam\u00edlias devem entrar em contato pelo telefone (55) 99717-6363, com os dados e documentos necess\u00e1rios para a realiza\u00e7\u00e3o do sepultamento.<\/p>\n","protected":false},"excerpt":{"rendered":"<p>Desde mar\u00e7o de 2025, os cemit\u00e9rios municipais Jardim da Paz e Campo da Paz (bairro Cruzeiro) est\u00e3o recebendo servi\u00e7os de<\/p>\n","protected":false},"author":12,"featured_media":14604,"comment_status":"closed","ping_status":"closed","sticky":false,"template":"","format":"standard","meta":{"footnotes":""},"categories":[4,21],"tags":[],"class_list":["post-14603","post","type-post","status-publish","format-standard","has-post-thumbnail","hentry","category-noticias","category-secretaria-municipal-de-obras"],"aioseo_notices":[],"_links":{"self":[{"href":"https:\/\/prefeitura.santarosa.rs.gov.br\/index.php?rest_route=\/wp\/v2\/posts\/14603","targetHints":{"allow":["GET"]}}],"collection":[{"href":"https:\/\/prefeitura.santarosa.rs.gov.br\/index.php?rest_route=\/wp\/v2\/posts"}],"about":[{"href":"https:\/\/prefeitura.santarosa.rs.gov.br\/index.php?rest_route=\/wp\/v2\/types\/post"}],"author":[{"embeddable":true,"href":"https:\/\/prefeitura.santarosa.rs.gov.br\/index.php?rest_route=\/wp\/v2\/users\/12"}],"replies":[{"embeddable":true,"href":"https:\/\/prefeitura.santarosa.rs.gov.br\/index.php?rest_route=%2Fwp%2Fv2%2Fcomments&post=14603"}],"version-history":[{"count":1,"href":"https:\/\/prefeitura.santarosa.rs.gov.br\/index.php?rest_route=\/wp\/v2\/posts\/14603\/revisions"}],"predecessor-version":[{"id":14605,"href":"https:\/\/prefeitura.santarosa.rs.gov.br\/index.php?rest_route=\/wp\/v2\/posts\/14603\/revisions\/14605"}],"wp:featuredmedia":[{"embeddable":true,"href":"https:\/\/prefeitura.santarosa.rs.gov.br\/index.php?rest_route=\/wp\/v2\/media\/14604"}],"wp:attachment":[{"href":"https:\/\/prefeitura.santarosa.rs.gov.br\/index.php?rest_route=%2Fwp%2Fv2%2Fmedia&parent=14603"}],"wp:term":[{"taxonomy":"category","embeddable":true,"href":"https:\/\/prefeitura.santarosa.rs.gov.br\/index.php?rest_route=%2Fwp%2Fv2%2Fcategories&post=14603"},{"taxonomy":"post_tag","embeddable":true,"href":"https:\/\/prefeitura.santarosa.rs.gov.br\/index.php?rest_route=%2Fwp%2Fv2%2Ftags&post=14603"}],"curies":[{"name":"wp","href":"https:\/\/api.w.org\/{rel}","templated":true}]}}