{"id":14599,"date":"2025-07-21T16:22:32","date_gmt":"2025-07-21T19:22:32","guid":{"rendered":"https:\/\/prefeitura.santarosa.rs.gov.br\/?p=14599"},"modified":"2025-07-21T16:22:32","modified_gmt":"2025-07-21T19:22:32","slug":"santa-rosa-teve-diversos-eventos-esportivos-no-fim-de-semana","status":"publish","type":"post","link":"https:\/\/prefeitura.santarosa.rs.gov.br\/?p=14599","title":{"rendered":"Santa Rosa teve diversos eventos esportivos no fim de semana"},"content":{"rendered":"\n<figure class=\"wp-block-image size-large\"><img fetchpriority=\"high\" decoding=\"async\" width=\"1024\" height=\"682\" src=\"https:\/\/prefeitura.santarosa.rs.gov.br\/wp-content\/uploads\/2025\/07\/WhatsApp-Image-2025-07-21-at-15.53.48-1024x682.jpeg\" alt=\"\" class=\"wp-image-14600\" srcset=\"https:\/\/prefeitura.santarosa.rs.gov.br\/wp-content\/uploads\/2025\/07\/WhatsApp-Image-2025-07-21-at-15.53.48-1024x682.jpeg 1024w, https:\/\/prefeitura.santarosa.rs.gov.br\/wp-content\/uploads\/2025\/07\/WhatsApp-Image-2025-07-21-at-15.53.48-300x200.jpeg 300w, https:\/\/prefeitura.santarosa.rs.gov.br\/wp-content\/uploads\/2025\/07\/WhatsApp-Image-2025-07-21-at-15.53.48-768x512.jpeg 768w, https:\/\/prefeitura.santarosa.rs.gov.br\/wp-content\/uploads\/2025\/07\/WhatsApp-Image-2025-07-21-at-15.53.48-1536x1024.jpeg 1536w, https:\/\/prefeitura.santarosa.rs.gov.br\/wp-content\/uploads\/2025\/07\/WhatsApp-Image-2025-07-21-at-15.53.48-2048x1365.jpeg 2048w\" sizes=\"(max-width: 1024px) 100vw, 1024px\" \/><\/figure>\n\n\n\n<p>No fim de semana, Santa Rosa foi palco de diversos eventos esportivos. As atividades movimentaram a cidade. Al\u00e9m de fortalecer a pr\u00e1tica esportiva, os eventos tamb\u00e9m geram impacto positivo na economia local, com mais movimento no com\u00e9rcio, na rede hoteleira e nos servi\u00e7os do munic\u00edpio.<\/p>\n\n\n\n<p>Entre as agendas, aconteceu na sexta-feira (18), no Centro C\u00edvico, uma palestra com Marquinhos Xavier, treinador da sele\u00e7\u00e3o brasileira de futsal e atual campe\u00e3o mundial. O evento foi promovido pela ASR Futsal em parceria com a Prefeitura e teve como tema &#8220;Lideran\u00e7a de Impacto e a Nova Gest\u00e3o&#8221;. Ainda na sexta, tamb\u00e9m foi realizado o campeonato Gauch\u00e3o de Futsal Sub-17: Santa Rosa Futsal x ASAF no Gin\u00e1sio Moroni.<\/p>\n\n\n\n<p>No S\u00e1bado (19), mais 4 eventos aconteceram em Santa Rosa: Finais Inters\u00e9ries FEMA; Gauch\u00e3o de Futsal Sub-13 e Sub-15; Torneio Mercosul de Truco; e Soj\u00e3o Etapa Estadual. J\u00e1 o domingo (20), teve 6 agendas em diversas localidades: Torneio Regional de V\u00f4lei Misto; Motocross e Velocross na pista da Vila 7 de Setembro; III GP Rolim\u00e3 IFFAR\/ZUK; \u206070 anos Bol\u00e3o Tigres em Bela Uni\u00e3o; Jogos do Sindicato Alimenta\u00e7\u00e3o; e \u2060Integra\u00e7\u00e3o Regional de Beach Tennis por equipes. O Secret\u00e1rio de Esporte, Cauh\u00e3 Pereira, acompanhou os eventos e destacou o quanto as atividades contribuem para o desenvolvimento do munic\u00edpio e da regi\u00e3o, \u201cMais do que competi\u00e7\u00f5es, esses momentos promovem sa\u00fade, inclus\u00e3o e fortalecem o conv\u00edvio entre as comunidades, incentivando a pr\u00e1tica esportiva e movimentado nossa cidade\u201d.<\/p>\n","protected":false},"excerpt":{"rendered":"<p>No fim de semana, Santa Rosa foi palco de diversos eventos esportivos. As atividades movimentaram a cidade. Al\u00e9m de fortalecer<\/p>\n","protected":false},"author":12,"featured_media":14601,"comment_status":"closed","ping_status":"closed","sticky":false,"template":"","format":"standard","meta":{"footnotes":""},"categories":[4,19],"tags":[],"class_list":["post-14599","post","type-post","status-publish","format-standard","has-post-thumbnail","hentry","category-noticias","category-secretaria-municipal-de-esporte"],"aioseo_notices":[],"_links":{"self":[{"href":"https:\/\/prefeitura.santarosa.rs.gov.br\/index.php?rest_route=\/wp\/v2\/posts\/14599","targetHints":{"allow":["GET"]}}],"collection":[{"href":"https:\/\/prefeitura.santarosa.rs.gov.br\/index.php?rest_route=\/wp\/v2\/posts"}],"about":[{"href":"https:\/\/prefeitura.santarosa.rs.gov.br\/index.php?rest_route=\/wp\/v2\/types\/post"}],"author":[{"embeddable":true,"href":"https:\/\/prefeitura.santarosa.rs.gov.br\/index.php?rest_route=\/wp\/v2\/users\/12"}],"replies":[{"embeddable":true,"href":"https:\/\/prefeitura.santarosa.rs.gov.br\/index.php?rest_route=%2Fwp%2Fv2%2Fcomments&post=14599"}],"version-history":[{"count":1,"href":"https:\/\/prefeitura.santarosa.rs.gov.br\/index.php?rest_route=\/wp\/v2\/posts\/14599\/revisions"}],"predecessor-version":[{"id":14602,"href":"https:\/\/prefeitura.santarosa.rs.gov.br\/index.php?rest_route=\/wp\/v2\/posts\/14599\/revisions\/14602"}],"wp:featuredmedia":[{"embeddable":true,"href":"https:\/\/prefeitura.santarosa.rs.gov.br\/index.php?rest_route=\/wp\/v2\/media\/14601"}],"wp:attachment":[{"href":"https:\/\/prefeitura.santarosa.rs.gov.br\/index.php?rest_route=%2Fwp%2Fv2%2Fmedia&parent=14599"}],"wp:term":[{"taxonomy":"category","embeddable":true,"href":"https:\/\/prefeitura.santarosa.rs.gov.br\/index.php?rest_route=%2Fwp%2Fv2%2Fcategories&post=14599"},{"taxonomy":"post_tag","embeddable":true,"href":"https:\/\/prefeitura.santarosa.rs.gov.br\/index.php?rest_route=%2Fwp%2Fv2%2Ftags&post=14599"}],"curies":[{"name":"wp","href":"https:\/\/api.w.org\/{rel}","templated":true}]}}