{"id":14595,"date":"2025-07-21T10:29:17","date_gmt":"2025-07-21T13:29:17","guid":{"rendered":"https:\/\/prefeitura.santarosa.rs.gov.br\/?p=14595"},"modified":"2025-07-21T10:29:18","modified_gmt":"2025-07-21T13:29:18","slug":"santa-rosa-recebe-cerca-de-r-8-milhoes-em-emendas-do-deputado-federal-osmar-terra","status":"publish","type":"post","link":"https:\/\/prefeitura.santarosa.rs.gov.br\/?p=14595","title":{"rendered":"Santa Rosa recebe cerca de R$ 8 milh\u00f5es em emendas do Deputado Federal Osmar Terra"},"content":{"rendered":"\n<figure class=\"wp-block-image size-large\"><img fetchpriority=\"high\" decoding=\"async\" width=\"1024\" height=\"768\" src=\"https:\/\/prefeitura.santarosa.rs.gov.br\/wp-content\/uploads\/2025\/07\/WhatsApp-Image-2025-07-21-at-10.15.37-1024x768.jpeg\" alt=\"\" class=\"wp-image-14596\" srcset=\"https:\/\/prefeitura.santarosa.rs.gov.br\/wp-content\/uploads\/2025\/07\/WhatsApp-Image-2025-07-21-at-10.15.37-1024x768.jpeg 1024w, https:\/\/prefeitura.santarosa.rs.gov.br\/wp-content\/uploads\/2025\/07\/WhatsApp-Image-2025-07-21-at-10.15.37-300x225.jpeg 300w, https:\/\/prefeitura.santarosa.rs.gov.br\/wp-content\/uploads\/2025\/07\/WhatsApp-Image-2025-07-21-at-10.15.37-768x576.jpeg 768w, https:\/\/prefeitura.santarosa.rs.gov.br\/wp-content\/uploads\/2025\/07\/WhatsApp-Image-2025-07-21-at-10.15.37-1536x1152.jpeg 1536w, https:\/\/prefeitura.santarosa.rs.gov.br\/wp-content\/uploads\/2025\/07\/WhatsApp-Image-2025-07-21-at-10.15.37-2048x1536.jpeg 2048w\" sizes=\"(max-width: 1024px) 100vw, 1024px\" \/><\/figure>\n\n\n\n<p>Na \u00faltima semana, o vice-prefeito de Santa Rosa, Aldemir Ulrich, recebeu no gabinete representantes do Deputado Federal Osmar Terra, que oficializaram a destina\u00e7\u00e3o de importantes recursos para o munic\u00edpio. Durante o encontro, foi entregue um of\u00edcio confirmando a libera\u00e7\u00e3o de R$ 1 milh\u00e3o em emenda parlamentar para obras de infraestrutura urbana. Tamb\u00e9m foi formalizada a destina\u00e7\u00e3o de R$ 362 mil ao 19\u00ba Regimento de Cavalaria Mecanizado (RC Mec).<\/p>\n\n\n\n<p>Al\u00e9m desses recursos, o Deputado Osmar Terra destinou tamb\u00e9m neste ano mais de R$ 1,4 milh\u00e3o para o Hospital Vida e Sa\u00fade, refer\u00eancia em sa\u00fade para toda a regi\u00e3o, e R$ 5 milh\u00f5es para a obra do novo aeroporto de Santa Rosa, projeto estrat\u00e9gico para o futuro da mobilidade e da economia local. O vice-prefeito Aldemir Ulrich ressaltou a import\u00e2ncia dos investimentos para o munic\u00edpio, \u201cO apoio do Deputado Osmar Terra tem sido fundamental para o avan\u00e7o de importantes projetos em Santa Rosa. Esses recursos representam investimentos diretos no bem-estar da nossa popula\u00e7\u00e3o e no crescimento do munic\u00edpio como polo regional\u201d.<\/p>\n\n\n\n<p>A reuni\u00e3o contou com a presen\u00e7a dos vereadores Jair Almeida e Rafael Rufino, al\u00e9m da coordenadora pol\u00edtica do deputado, Vanice de Matos, que representaram Osmar Terra na entrega dos of\u00edcios.<\/p>\n","protected":false},"excerpt":{"rendered":"<p>Na \u00faltima semana, o vice-prefeito de Santa Rosa, Aldemir Ulrich, recebeu no gabinete representantes do Deputado Federal Osmar Terra, que<\/p>\n","protected":false},"author":12,"featured_media":14597,"comment_status":"closed","ping_status":"closed","sticky":false,"template":"","format":"standard","meta":{"footnotes":""},"categories":[4,22],"tags":[],"class_list":["post-14595","post","type-post","status-publish","format-standard","has-post-thumbnail","hentry","category-noticias","category-secretaria-municipal-de-planejamento-e-habitacao"],"aioseo_notices":[],"_links":{"self":[{"href":"https:\/\/prefeitura.santarosa.rs.gov.br\/index.php?rest_route=\/wp\/v2\/posts\/14595","targetHints":{"allow":["GET"]}}],"collection":[{"href":"https:\/\/prefeitura.santarosa.rs.gov.br\/index.php?rest_route=\/wp\/v2\/posts"}],"about":[{"href":"https:\/\/prefeitura.santarosa.rs.gov.br\/index.php?rest_route=\/wp\/v2\/types\/post"}],"author":[{"embeddable":true,"href":"https:\/\/prefeitura.santarosa.rs.gov.br\/index.php?rest_route=\/wp\/v2\/users\/12"}],"replies":[{"embeddable":true,"href":"https:\/\/prefeitura.santarosa.rs.gov.br\/index.php?rest_route=%2Fwp%2Fv2%2Fcomments&post=14595"}],"version-history":[{"count":1,"href":"https:\/\/prefeitura.santarosa.rs.gov.br\/index.php?rest_route=\/wp\/v2\/posts\/14595\/revisions"}],"predecessor-version":[{"id":14598,"href":"https:\/\/prefeitura.santarosa.rs.gov.br\/index.php?rest_route=\/wp\/v2\/posts\/14595\/revisions\/14598"}],"wp:featuredmedia":[{"embeddable":true,"href":"https:\/\/prefeitura.santarosa.rs.gov.br\/index.php?rest_route=\/wp\/v2\/media\/14597"}],"wp:attachment":[{"href":"https:\/\/prefeitura.santarosa.rs.gov.br\/index.php?rest_route=%2Fwp%2Fv2%2Fmedia&parent=14595"}],"wp:term":[{"taxonomy":"category","embeddable":true,"href":"https:\/\/prefeitura.santarosa.rs.gov.br\/index.php?rest_route=%2Fwp%2Fv2%2Fcategories&post=14595"},{"taxonomy":"post_tag","embeddable":true,"href":"https:\/\/prefeitura.santarosa.rs.gov.br\/index.php?rest_route=%2Fwp%2Fv2%2Ftags&post=14595"}],"curies":[{"name":"wp","href":"https:\/\/api.w.org\/{rel}","templated":true}]}}