{"id":1459,"date":"2021-05-31T15:36:00","date_gmt":"2021-05-31T18:36:00","guid":{"rendered":"https:\/\/prefeitura.santarosa.rs.gov.br\/?p=1459"},"modified":"2024-10-07T09:55:02","modified_gmt":"2024-10-07T12:55:02","slug":"alibem-faz-doacao-de-mascaras-para-fumssar","status":"publish","type":"post","link":"https:\/\/prefeitura.santarosa.rs.gov.br\/?p=1459","title":{"rendered":"ALIBEM faz doa\u00e7\u00e3o de m\u00e1scaras para FUMSSAR"},"content":{"rendered":"\n<p>Doa\u00e7\u00e3o de m\u00e1scaras<\/p>\n\n\n\n<p>A Funda\u00e7\u00e3o disponibilizar\u00e1 as m\u00e1scaras doadas nas UBS&#8217;s para o uso da popula\u00e7\u00e3o.<br>Na foto est\u00e3o presentes, o Presidente da Funda\u00e7\u00e3o, D\u00e9lcio Stefan, a Diretora da Gest\u00e3o da Aten\u00e7\u00e3o Prim\u00e1ria em Sa\u00fade, Fabiana Breitenbach e o membro do Conselho de Administra\u00e7\u00e3o do ALIBEM, Juscelino Francisco Gon\u00e7alves.<\/p>\n","protected":false},"excerpt":{"rendered":"<p>Doa\u00e7\u00e3o de m\u00e1scaras A Funda\u00e7\u00e3o disponibilizar\u00e1 as m\u00e1scaras doadas nas UBS&#8217;s para o uso da popula\u00e7\u00e3o.Na foto est\u00e3o presentes, o<\/p>\n","protected":false},"author":3,"featured_media":1460,"comment_status":"open","ping_status":"open","sticky":false,"template":"","format":"standard","meta":{"footnotes":""},"categories":[4,8],"tags":[],"class_list":["post-1459","post","type-post","status-publish","format-standard","has-post-thumbnail","hentry","category-noticias","category-noticias-fumssar"],"aioseo_notices":[],"_links":{"self":[{"href":"https:\/\/prefeitura.santarosa.rs.gov.br\/index.php?rest_route=\/wp\/v2\/posts\/1459","targetHints":{"allow":["GET"]}}],"collection":[{"href":"https:\/\/prefeitura.santarosa.rs.gov.br\/index.php?rest_route=\/wp\/v2\/posts"}],"about":[{"href":"https:\/\/prefeitura.santarosa.rs.gov.br\/index.php?rest_route=\/wp\/v2\/types\/post"}],"author":[{"embeddable":true,"href":"https:\/\/prefeitura.santarosa.rs.gov.br\/index.php?rest_route=\/wp\/v2\/users\/3"}],"replies":[{"embeddable":true,"href":"https:\/\/prefeitura.santarosa.rs.gov.br\/index.php?rest_route=%2Fwp%2Fv2%2Fcomments&post=1459"}],"version-history":[{"count":1,"href":"https:\/\/prefeitura.santarosa.rs.gov.br\/index.php?rest_route=\/wp\/v2\/posts\/1459\/revisions"}],"predecessor-version":[{"id":1461,"href":"https:\/\/prefeitura.santarosa.rs.gov.br\/index.php?rest_route=\/wp\/v2\/posts\/1459\/revisions\/1461"}],"wp:featuredmedia":[{"embeddable":true,"href":"https:\/\/prefeitura.santarosa.rs.gov.br\/index.php?rest_route=\/wp\/v2\/media\/1460"}],"wp:attachment":[{"href":"https:\/\/prefeitura.santarosa.rs.gov.br\/index.php?rest_route=%2Fwp%2Fv2%2Fmedia&parent=1459"}],"wp:term":[{"taxonomy":"category","embeddable":true,"href":"https:\/\/prefeitura.santarosa.rs.gov.br\/index.php?rest_route=%2Fwp%2Fv2%2Fcategories&post=1459"},{"taxonomy":"post_tag","embeddable":true,"href":"https:\/\/prefeitura.santarosa.rs.gov.br\/index.php?rest_route=%2Fwp%2Fv2%2Ftags&post=1459"}],"curies":[{"name":"wp","href":"https:\/\/api.w.org\/{rel}","templated":true}]}}