{"id":14585,"date":"2025-07-18T15:27:35","date_gmt":"2025-07-18T18:27:35","guid":{"rendered":"https:\/\/prefeitura.santarosa.rs.gov.br\/?p=14585"},"modified":"2025-07-18T15:27:35","modified_gmt":"2025-07-18T18:27:35","slug":"aluno-da-rede-municipal-de-ensino-participa-de-premiacao-nacional-da-obmep-no-rio-de-janeiro","status":"publish","type":"post","link":"https:\/\/prefeitura.santarosa.rs.gov.br\/?p=14585","title":{"rendered":"Aluno da Rede Municipal de Ensino participa de premia\u00e7\u00e3o nacional da OBMEP no Rio de Janeiro"},"content":{"rendered":"\n<figure class=\"wp-block-image size-large\"><img fetchpriority=\"high\" decoding=\"async\" width=\"1024\" height=\"691\" src=\"https:\/\/prefeitura.santarosa.rs.gov.br\/wp-content\/uploads\/2025\/07\/Formato-Portal-do-Cidadao-1600X1080JPG-4-1024x691.jpg\" alt=\"\" class=\"wp-image-14586\" srcset=\"https:\/\/prefeitura.santarosa.rs.gov.br\/wp-content\/uploads\/2025\/07\/Formato-Portal-do-Cidadao-1600X1080JPG-4-1024x691.jpg 1024w, https:\/\/prefeitura.santarosa.rs.gov.br\/wp-content\/uploads\/2025\/07\/Formato-Portal-do-Cidadao-1600X1080JPG-4-300x203.jpg 300w, https:\/\/prefeitura.santarosa.rs.gov.br\/wp-content\/uploads\/2025\/07\/Formato-Portal-do-Cidadao-1600X1080JPG-4-768x518.jpg 768w, https:\/\/prefeitura.santarosa.rs.gov.br\/wp-content\/uploads\/2025\/07\/Formato-Portal-do-Cidadao-1600X1080JPG-4-1536x1037.jpg 1536w, https:\/\/prefeitura.santarosa.rs.gov.br\/wp-content\/uploads\/2025\/07\/Formato-Portal-do-Cidadao-1600X1080JPG-4.jpg 1600w\" sizes=\"(max-width: 1024px) 100vw, 1024px\" \/><\/figure>\n\n\n\n<p>O talento dos estudantes de Santa Rosa segue em destaque. O aluno J\u00falio Vogel Simon, do 8\u00ba ano da EMEF Princesa Isabel &#8211; Escola do Campo, participou da Cerim\u00f4nia Nacional de Premia\u00e7\u00e3o da 19\u00aa Olimp\u00edada Brasileira de Matem\u00e1tica das Escolas P\u00fablicas (OBMEP), realizada no estado do Rio de Janeiro. J\u00falio foi um dos 200 estudantes de todo o Brasil a conquistar a medalha de ouro na competi\u00e7\u00e3o.<\/p>\n\n\n\n<p>Com dedica\u00e7\u00e3o, disciplina e racioc\u00ednio l\u00f3gico apurado, o jovem santa-rosense superou centenas de estudantes de diversas regi\u00f5es do pa\u00eds, colocando Santa Rosa em evid\u00eancia no cen\u00e1rio da educa\u00e7\u00e3o nacional. A Secret\u00e1ria de Educa\u00e7\u00e3o, Josyane Heck, celebrou essa importante conquista, \u201cA participa\u00e7\u00e3o de J\u00falio na cerim\u00f4nia nacional \u00e9 um marco para a nossa educa\u00e7\u00e3o. Ele representa n\u00e3o apenas a excel\u00eancia individual, mas tamb\u00e9m o trabalho coletivo de nossos professores, o apoio das fam\u00edlias e o compromisso da gest\u00e3o municipal com uma educa\u00e7\u00e3o p\u00fablica de qualidade. \u00c9 uma inspira\u00e7\u00e3o para todos os nossos alunos\u201d.<\/p>\n\n\n\n<p>O feito de J\u00falio fica registrado na trajet\u00f3ria de conquistas da Rede Municipal de Ensino de Santa Rosa. Outro exemplo de destaque foi o aluno Henrique Maldaner Paranhos, da EMEF Paul Harris, que tamb\u00e9m j\u00e1 conquistou a medalha de ouro na OBMEP, nos anos de 2016 e 2018.<\/p>\n","protected":false},"excerpt":{"rendered":"<p>O talento dos estudantes de Santa Rosa segue em destaque. O aluno J\u00falio Vogel Simon, do 8\u00ba ano da EMEF<\/p>\n","protected":false},"author":6,"featured_media":14586,"comment_status":"closed","ping_status":"closed","sticky":false,"template":"","format":"standard","meta":{"footnotes":""},"categories":[4,18],"tags":[],"class_list":["post-14585","post","type-post","status-publish","format-standard","has-post-thumbnail","hentry","category-noticias","category-secretaria-municipal-de-educacao-e-cultura"],"aioseo_notices":[],"_links":{"self":[{"href":"https:\/\/prefeitura.santarosa.rs.gov.br\/index.php?rest_route=\/wp\/v2\/posts\/14585","targetHints":{"allow":["GET"]}}],"collection":[{"href":"https:\/\/prefeitura.santarosa.rs.gov.br\/index.php?rest_route=\/wp\/v2\/posts"}],"about":[{"href":"https:\/\/prefeitura.santarosa.rs.gov.br\/index.php?rest_route=\/wp\/v2\/types\/post"}],"author":[{"embeddable":true,"href":"https:\/\/prefeitura.santarosa.rs.gov.br\/index.php?rest_route=\/wp\/v2\/users\/6"}],"replies":[{"embeddable":true,"href":"https:\/\/prefeitura.santarosa.rs.gov.br\/index.php?rest_route=%2Fwp%2Fv2%2Fcomments&post=14585"}],"version-history":[{"count":1,"href":"https:\/\/prefeitura.santarosa.rs.gov.br\/index.php?rest_route=\/wp\/v2\/posts\/14585\/revisions"}],"predecessor-version":[{"id":14587,"href":"https:\/\/prefeitura.santarosa.rs.gov.br\/index.php?rest_route=\/wp\/v2\/posts\/14585\/revisions\/14587"}],"wp:featuredmedia":[{"embeddable":true,"href":"https:\/\/prefeitura.santarosa.rs.gov.br\/index.php?rest_route=\/wp\/v2\/media\/14586"}],"wp:attachment":[{"href":"https:\/\/prefeitura.santarosa.rs.gov.br\/index.php?rest_route=%2Fwp%2Fv2%2Fmedia&parent=14585"}],"wp:term":[{"taxonomy":"category","embeddable":true,"href":"https:\/\/prefeitura.santarosa.rs.gov.br\/index.php?rest_route=%2Fwp%2Fv2%2Fcategories&post=14585"},{"taxonomy":"post_tag","embeddable":true,"href":"https:\/\/prefeitura.santarosa.rs.gov.br\/index.php?rest_route=%2Fwp%2Fv2%2Ftags&post=14585"}],"curies":[{"name":"wp","href":"https:\/\/api.w.org\/{rel}","templated":true}]}}