{"id":14581,"date":"2025-07-18T15:18:55","date_gmt":"2025-07-18T18:18:55","guid":{"rendered":"https:\/\/prefeitura.santarosa.rs.gov.br\/?p=14581"},"modified":"2025-07-18T15:18:56","modified_gmt":"2025-07-18T18:18:56","slug":"comunicado-parque-de-exposicoes-3","status":"publish","type":"post","link":"https:\/\/prefeitura.santarosa.rs.gov.br\/?p=14581","title":{"rendered":"Comunicado Parque de Exposi\u00e7\u00f5es"},"content":{"rendered":"\n<figure class=\"wp-block-image size-large\"><img fetchpriority=\"high\" decoding=\"async\" width=\"1024\" height=\"691\" src=\"https:\/\/prefeitura.santarosa.rs.gov.br\/wp-content\/uploads\/2025\/07\/Formato-Portal-do-Cidadao-1600X1080JPG-2-1024x691.jpg\" alt=\"\" class=\"wp-image-14583\" srcset=\"https:\/\/prefeitura.santarosa.rs.gov.br\/wp-content\/uploads\/2025\/07\/Formato-Portal-do-Cidadao-1600X1080JPG-2-1024x691.jpg 1024w, https:\/\/prefeitura.santarosa.rs.gov.br\/wp-content\/uploads\/2025\/07\/Formato-Portal-do-Cidadao-1600X1080JPG-2-300x203.jpg 300w, https:\/\/prefeitura.santarosa.rs.gov.br\/wp-content\/uploads\/2025\/07\/Formato-Portal-do-Cidadao-1600X1080JPG-2-768x518.jpg 768w, https:\/\/prefeitura.santarosa.rs.gov.br\/wp-content\/uploads\/2025\/07\/Formato-Portal-do-Cidadao-1600X1080JPG-2-1536x1037.jpg 1536w, https:\/\/prefeitura.santarosa.rs.gov.br\/wp-content\/uploads\/2025\/07\/Formato-Portal-do-Cidadao-1600X1080JPG-2.jpg 1600w\" sizes=\"(max-width: 1024px) 100vw, 1024px\" \/><\/figure>\n\n\n\n<p>A Prefeitura de Santa Rosa informa que o Parque de Exposi\u00e7\u00f5es Alfredo Leandro Carlson vai estar fechado para visita\u00e7\u00e3o, a partir da pr\u00f3xima segunda-feira (21\/07), em raz\u00e3o dos preparativos para o 35\u00ba Hortigranjeiros.<\/p>\n\n\n\n<p>Agradecemos pela compreens\u00e3o!<\/p>\n","protected":false},"excerpt":{"rendered":"<p>A Prefeitura de Santa Rosa informa que o Parque de Exposi\u00e7\u00f5es Alfredo Leandro Carlson vai estar fechado para visita\u00e7\u00e3o, a<\/p>\n","protected":false},"author":6,"featured_media":14583,"comment_status":"closed","ping_status":"closed","sticky":false,"template":"","format":"standard","meta":{"footnotes":""},"categories":[4,16],"tags":[],"class_list":["post-14581","post","type-post","status-publish","format-standard","has-post-thumbnail","hentry","category-noticias","category-secretaria-municipal-de-desenvolvimento-economico-turismo-e-tecnologia"],"aioseo_notices":[],"_links":{"self":[{"href":"https:\/\/prefeitura.santarosa.rs.gov.br\/index.php?rest_route=\/wp\/v2\/posts\/14581","targetHints":{"allow":["GET"]}}],"collection":[{"href":"https:\/\/prefeitura.santarosa.rs.gov.br\/index.php?rest_route=\/wp\/v2\/posts"}],"about":[{"href":"https:\/\/prefeitura.santarosa.rs.gov.br\/index.php?rest_route=\/wp\/v2\/types\/post"}],"author":[{"embeddable":true,"href":"https:\/\/prefeitura.santarosa.rs.gov.br\/index.php?rest_route=\/wp\/v2\/users\/6"}],"replies":[{"embeddable":true,"href":"https:\/\/prefeitura.santarosa.rs.gov.br\/index.php?rest_route=%2Fwp%2Fv2%2Fcomments&post=14581"}],"version-history":[{"count":1,"href":"https:\/\/prefeitura.santarosa.rs.gov.br\/index.php?rest_route=\/wp\/v2\/posts\/14581\/revisions"}],"predecessor-version":[{"id":14584,"href":"https:\/\/prefeitura.santarosa.rs.gov.br\/index.php?rest_route=\/wp\/v2\/posts\/14581\/revisions\/14584"}],"wp:featuredmedia":[{"embeddable":true,"href":"https:\/\/prefeitura.santarosa.rs.gov.br\/index.php?rest_route=\/wp\/v2\/media\/14583"}],"wp:attachment":[{"href":"https:\/\/prefeitura.santarosa.rs.gov.br\/index.php?rest_route=%2Fwp%2Fv2%2Fmedia&parent=14581"}],"wp:term":[{"taxonomy":"category","embeddable":true,"href":"https:\/\/prefeitura.santarosa.rs.gov.br\/index.php?rest_route=%2Fwp%2Fv2%2Fcategories&post=14581"},{"taxonomy":"post_tag","embeddable":true,"href":"https:\/\/prefeitura.santarosa.rs.gov.br\/index.php?rest_route=%2Fwp%2Fv2%2Ftags&post=14581"}],"curies":[{"name":"wp","href":"https:\/\/api.w.org\/{rel}","templated":true}]}}