{"id":14577,"date":"2025-07-18T14:00:37","date_gmt":"2025-07-18T17:00:37","guid":{"rendered":"https:\/\/prefeitura.santarosa.rs.gov.br\/?p=14577"},"modified":"2025-07-18T14:00:38","modified_gmt":"2025-07-18T17:00:38","slug":"iniciou-a-2a-edicao-dos-jogos-das-escolas-do-campo-de-santa-rosa","status":"publish","type":"post","link":"https:\/\/prefeitura.santarosa.rs.gov.br\/?p=14577","title":{"rendered":"Iniciou a 2\u00aa edi\u00e7\u00e3o dos Jogos das Escolas do Campo de Santa Rosa"},"content":{"rendered":"\n<figure class=\"wp-block-image size-large\"><img fetchpriority=\"high\" decoding=\"async\" width=\"1024\" height=\"576\" src=\"https:\/\/prefeitura.santarosa.rs.gov.br\/wp-content\/uploads\/2025\/07\/WhatsApp-Image-2025-07-17-at-14.27.30-1-1024x576.jpeg\" alt=\"\" class=\"wp-image-14578\" srcset=\"https:\/\/prefeitura.santarosa.rs.gov.br\/wp-content\/uploads\/2025\/07\/WhatsApp-Image-2025-07-17-at-14.27.30-1-1024x576.jpeg 1024w, https:\/\/prefeitura.santarosa.rs.gov.br\/wp-content\/uploads\/2025\/07\/WhatsApp-Image-2025-07-17-at-14.27.30-1-300x169.jpeg 300w, https:\/\/prefeitura.santarosa.rs.gov.br\/wp-content\/uploads\/2025\/07\/WhatsApp-Image-2025-07-17-at-14.27.30-1-768x432.jpeg 768w, https:\/\/prefeitura.santarosa.rs.gov.br\/wp-content\/uploads\/2025\/07\/WhatsApp-Image-2025-07-17-at-14.27.30-1-1536x864.jpeg 1536w, https:\/\/prefeitura.santarosa.rs.gov.br\/wp-content\/uploads\/2025\/07\/WhatsApp-Image-2025-07-17-at-14.27.30-1-2048x1152.jpeg 2048w\" sizes=\"(max-width: 1024px) 100vw, 1024px\" \/><\/figure>\n\n\n\n<p>Na manh\u00e3 desta&nbsp;quinta-feira (17), foi realizada a abertura oficial da 2\u00aa edi\u00e7\u00e3o dos Jogos das Escolas do Campo de Santa Rosa 2025 &#8211; Edi\u00e7\u00e3o 35\u00ba Hortigranjeiros. O evento, promovido pela Prefeitura de Santa Rosa por meio da Secretaria de Educa\u00e7\u00e3o e Cultura e do 35\u00ba Hortigranjeiros, conta com o apoio da 17\u00aa Coordenadoria Regional de Educa\u00e7\u00e3o, da Secretaria de Esporte e da Emater\/RS &#8211; Ascar.<\/p>\n\n\n\n<p>Participam desta edi\u00e7\u00e3o cinco escolas do interior do munic\u00edpio: EMEF&nbsp;15 de Novembro, EMEF Princesa Isabel, EMEF \u00c9rico Ver\u00edssimo, EEEM Jos\u00e9 Alfredo Nedel e EEEF Ermindo Vier. Ao todo, mais de 300 estudantes est\u00e3o envolvidos nas disputas, que abrangem diferentes modalidades esportivas. O vice-prefeito Aldemir Ulrich prestigiou o evento e destacou a import\u00e2ncia da iniciativa, \u201cOs Jogos das Escolas do Campo representam muito mais do que uma competi\u00e7\u00e3o. Eles fortalecem o v\u00ednculo das comunidades rurais com a educa\u00e7\u00e3o, o esporte e a conviv\u00eancia. \u00c9 gratificante ver nossos jovens protagonistas nesse movimento de integra\u00e7\u00e3o e valoriza\u00e7\u00e3o do interior\u201d.<\/p>\n\n\n\n<p>Os Jogos t\u00eam como proposta promover a integra\u00e7\u00e3o entre as escolas e a comunidade escolar, refor\u00e7ando valores como coopera\u00e7\u00e3o, inclus\u00e3o social e pertencimento. Al\u00e9m da competi\u00e7\u00e3o, o evento busca proporcionar momentos de lazer, recrea\u00e7\u00e3o e aproxima\u00e7\u00e3o entre diferentes gera\u00e7\u00f5es das fam\u00edlias do campo.<\/p>\n\n\n\n<p>A programa\u00e7\u00e3o acontece em duas etapas. Na abertura, est\u00e3o sendo realizadas disputas nas modalidades de v\u00f4lei e futsal (masculino e feminino), atletismo (corrida, salto em dist\u00e2ncia e revezamento) e xadrez. J\u00e1 no dia&nbsp;8 de agosto, durante a programa\u00e7\u00e3o oficial do 35\u00ba Hortigranjeiros, ir\u00e3o ocorrer as partidas finais e as atividades tradicionais ligadas \u00e0 vida no campo, como debulha de milho, corrida do saco, milho no buraco, chute ao pneu, entre outras atra\u00e7\u00f5es.<\/p>\n","protected":false},"excerpt":{"rendered":"<p>Na manh\u00e3 desta&nbsp;quinta-feira (17), foi realizada a abertura oficial da 2\u00aa edi\u00e7\u00e3o dos Jogos das Escolas do Campo de Santa<\/p>\n","protected":false},"author":6,"featured_media":14578,"comment_status":"closed","ping_status":"closed","sticky":false,"template":"","format":"standard","meta":{"footnotes":""},"categories":[4,18,19],"tags":[],"class_list":["post-14577","post","type-post","status-publish","format-standard","has-post-thumbnail","hentry","category-noticias","category-secretaria-municipal-de-educacao-e-cultura","category-secretaria-municipal-de-esporte"],"aioseo_notices":[],"_links":{"self":[{"href":"https:\/\/prefeitura.santarosa.rs.gov.br\/index.php?rest_route=\/wp\/v2\/posts\/14577","targetHints":{"allow":["GET"]}}],"collection":[{"href":"https:\/\/prefeitura.santarosa.rs.gov.br\/index.php?rest_route=\/wp\/v2\/posts"}],"about":[{"href":"https:\/\/prefeitura.santarosa.rs.gov.br\/index.php?rest_route=\/wp\/v2\/types\/post"}],"author":[{"embeddable":true,"href":"https:\/\/prefeitura.santarosa.rs.gov.br\/index.php?rest_route=\/wp\/v2\/users\/6"}],"replies":[{"embeddable":true,"href":"https:\/\/prefeitura.santarosa.rs.gov.br\/index.php?rest_route=%2Fwp%2Fv2%2Fcomments&post=14577"}],"version-history":[{"count":1,"href":"https:\/\/prefeitura.santarosa.rs.gov.br\/index.php?rest_route=\/wp\/v2\/posts\/14577\/revisions"}],"predecessor-version":[{"id":14579,"href":"https:\/\/prefeitura.santarosa.rs.gov.br\/index.php?rest_route=\/wp\/v2\/posts\/14577\/revisions\/14579"}],"wp:featuredmedia":[{"embeddable":true,"href":"https:\/\/prefeitura.santarosa.rs.gov.br\/index.php?rest_route=\/wp\/v2\/media\/14578"}],"wp:attachment":[{"href":"https:\/\/prefeitura.santarosa.rs.gov.br\/index.php?rest_route=%2Fwp%2Fv2%2Fmedia&parent=14577"}],"wp:term":[{"taxonomy":"category","embeddable":true,"href":"https:\/\/prefeitura.santarosa.rs.gov.br\/index.php?rest_route=%2Fwp%2Fv2%2Fcategories&post=14577"},{"taxonomy":"post_tag","embeddable":true,"href":"https:\/\/prefeitura.santarosa.rs.gov.br\/index.php?rest_route=%2Fwp%2Fv2%2Ftags&post=14577"}],"curies":[{"name":"wp","href":"https:\/\/api.w.org\/{rel}","templated":true}]}}