{"id":14574,"date":"2025-07-18T13:55:46","date_gmt":"2025-07-18T16:55:46","guid":{"rendered":"https:\/\/prefeitura.santarosa.rs.gov.br\/?p=14574"},"modified":"2025-07-18T14:01:56","modified_gmt":"2025-07-18T17:01:56","slug":"santa-rosa-e-destaque-no-1o-festival-tres-de-maio-em-danca","status":"publish","type":"post","link":"https:\/\/prefeitura.santarosa.rs.gov.br\/?p=14574","title":{"rendered":"Santa Rosa \u00e9 destaque no 1\u00ba Festival Tr\u00eas\u00a0de Maio\u00a0em Dan\u00e7a"},"content":{"rendered":"\n<figure class=\"wp-block-image size-large\"><img fetchpriority=\"high\" decoding=\"async\" width=\"1024\" height=\"673\" src=\"https:\/\/prefeitura.santarosa.rs.gov.br\/wp-content\/uploads\/2025\/07\/WhatsApp-Image-2025-07-16-at-21.14.19-1024x673.jpeg\" alt=\"\" class=\"wp-image-14575\" srcset=\"https:\/\/prefeitura.santarosa.rs.gov.br\/wp-content\/uploads\/2025\/07\/WhatsApp-Image-2025-07-16-at-21.14.19-1024x673.jpeg 1024w, https:\/\/prefeitura.santarosa.rs.gov.br\/wp-content\/uploads\/2025\/07\/WhatsApp-Image-2025-07-16-at-21.14.19-300x197.jpeg 300w, https:\/\/prefeitura.santarosa.rs.gov.br\/wp-content\/uploads\/2025\/07\/WhatsApp-Image-2025-07-16-at-21.14.19-768x505.jpeg 768w, https:\/\/prefeitura.santarosa.rs.gov.br\/wp-content\/uploads\/2025\/07\/WhatsApp-Image-2025-07-16-at-21.14.19.jpeg 1200w\" sizes=\"(max-width: 1024px) 100vw, 1024px\" \/><\/figure>\n\n\n\n<p>Santa Rosa teve grande destaque na primeira edi\u00e7\u00e3o do Festival Tr\u00eas&nbsp;de Maio&nbsp;em Dan\u00e7a, realizado no gin\u00e1sio da Setrem, em Tr\u00eas&nbsp;de Maio. Os participantes do projeto Santa Rosa em Dan\u00e7a, integrantes das oficinas culturais e pedag\u00f3gicas promovidas pela Prefeitura, conquistaram importantes premia\u00e7\u00f5es no evento, que reuniu 172 coreografias e diversos grupos locais e regionais.<\/p>\n\n\n\n<p>A competi\u00e7\u00e3o contou com a apresenta\u00e7\u00e3o de v\u00e1rios estilos de dan\u00e7a, fortalecendo a cultura art\u00edstica da regi\u00e3o e proporcionando uma valiosa troca de experi\u00eancias entre os participantes. Santa Rosa foi representada por coreografias em diferentes estilos e categorias. A Secret\u00e1ria de Educa\u00e7\u00e3o e Cultura, Josyane Heck, parabenizou os dan\u00e7arinos pelo empenho e dedica\u00e7\u00e3o, \u201cEsse resultado \u00e9 fruto do trabalho s\u00e9rio que vem sendo realizado nas oficinas culturais, com dedica\u00e7\u00e3o dos professores e empenho dos nossos alunos. \u00c9 a prova de que investir em arte e cultura transforma vidas e gera oportunidades\u201d.<\/p>\n\n\n\n<p>O Projeto Escola Santa Rosa Dan\u00e7a oferece aulas de dan\u00e7a para crian\u00e7as e adolescentes em diferentes locais da cidade. Entre os estilos ensinados est\u00e3o dan\u00e7as urbanas, jazz, k-pop, ballet cl\u00e1ssico, estilo livre e folclore. A iniciativa \u00e9 promovida pela Prefeitura de Santa Rosa, por meio da Secretaria de Educa\u00e7\u00e3o e Cultura, e coordenada pela Academia Drag\u00f5es do Oriente.<\/p>\n\n\n\n<p>Confira as premia\u00e7\u00f5es conquistadas por Santa Rosa no Festival:<\/p>\n\n\n\n<p>\u2022 1\u00ba lugar \u2013 Modalidade solo feminino, categoria infantil \u2013 Dan\u00e7as Urbanas &#8211; Bailarina: Isis Valentina Galv\u00e3o Campos<\/p>\n\n\n\n<p>\u2022 2\u00ba lugar \u2013 Modalidade solo feminino, categoria j\u00fanior \u2013 Estilo Livre &#8211; Bailarina: Rafaela Dutra Costa<\/p>\n\n\n\n<p>\u2022 1\u00ba lugar \u2013 Modalidade grupo, categoria j\u00fanior \u2013 Dan\u00e7as Urbanas<\/p>\n\n\n\n<p>\u2022 2\u00ba lugar \u2013 Modalidade solo feminino, categoria infantil \u2013 Ballet Cl\u00e1ssico de Repert\u00f3rio &#8211; Bailarina: Laura Horn Severo<\/p>\n","protected":false},"excerpt":{"rendered":"<p>Santa Rosa teve grande destaque na primeira edi\u00e7\u00e3o do Festival Tr\u00eas&nbsp;de Maio&nbsp;em Dan\u00e7a, realizado no gin\u00e1sio da Setrem, em Tr\u00eas&nbsp;de<\/p>\n","protected":false},"author":6,"featured_media":14575,"comment_status":"closed","ping_status":"closed","sticky":false,"template":"","format":"standard","meta":{"footnotes":""},"categories":[4,18],"tags":[],"class_list":["post-14574","post","type-post","status-publish","format-standard","has-post-thumbnail","hentry","category-noticias","category-secretaria-municipal-de-educacao-e-cultura"],"aioseo_notices":[],"_links":{"self":[{"href":"https:\/\/prefeitura.santarosa.rs.gov.br\/index.php?rest_route=\/wp\/v2\/posts\/14574","targetHints":{"allow":["GET"]}}],"collection":[{"href":"https:\/\/prefeitura.santarosa.rs.gov.br\/index.php?rest_route=\/wp\/v2\/posts"}],"about":[{"href":"https:\/\/prefeitura.santarosa.rs.gov.br\/index.php?rest_route=\/wp\/v2\/types\/post"}],"author":[{"embeddable":true,"href":"https:\/\/prefeitura.santarosa.rs.gov.br\/index.php?rest_route=\/wp\/v2\/users\/6"}],"replies":[{"embeddable":true,"href":"https:\/\/prefeitura.santarosa.rs.gov.br\/index.php?rest_route=%2Fwp%2Fv2%2Fcomments&post=14574"}],"version-history":[{"count":2,"href":"https:\/\/prefeitura.santarosa.rs.gov.br\/index.php?rest_route=\/wp\/v2\/posts\/14574\/revisions"}],"predecessor-version":[{"id":14580,"href":"https:\/\/prefeitura.santarosa.rs.gov.br\/index.php?rest_route=\/wp\/v2\/posts\/14574\/revisions\/14580"}],"wp:featuredmedia":[{"embeddable":true,"href":"https:\/\/prefeitura.santarosa.rs.gov.br\/index.php?rest_route=\/wp\/v2\/media\/14575"}],"wp:attachment":[{"href":"https:\/\/prefeitura.santarosa.rs.gov.br\/index.php?rest_route=%2Fwp%2Fv2%2Fmedia&parent=14574"}],"wp:term":[{"taxonomy":"category","embeddable":true,"href":"https:\/\/prefeitura.santarosa.rs.gov.br\/index.php?rest_route=%2Fwp%2Fv2%2Fcategories&post=14574"},{"taxonomy":"post_tag","embeddable":true,"href":"https:\/\/prefeitura.santarosa.rs.gov.br\/index.php?rest_route=%2Fwp%2Fv2%2Ftags&post=14574"}],"curies":[{"name":"wp","href":"https:\/\/api.w.org\/{rel}","templated":true}]}}