{"id":14570,"date":"2025-07-17T13:38:53","date_gmt":"2025-07-17T16:38:53","guid":{"rendered":"https:\/\/prefeitura.santarosa.rs.gov.br\/?p=14570"},"modified":"2025-07-17T13:38:53","modified_gmt":"2025-07-17T16:38:53","slug":"caps-de-santa-rosa-integram-musica-ao-cuidado-em-saude-mental","status":"publish","type":"post","link":"https:\/\/prefeitura.santarosa.rs.gov.br\/?p=14570","title":{"rendered":"CAPS de Santa Rosa integram m\u00fasica ao cuidado em sa\u00fade mental"},"content":{"rendered":"\n<figure class=\"wp-block-image size-large\"><img fetchpriority=\"high\" decoding=\"async\" width=\"1024\" height=\"768\" src=\"https:\/\/prefeitura.santarosa.rs.gov.br\/wp-content\/uploads\/2025\/07\/WhatsApp-Image-2025-07-17-at-09.58.53-1024x768.jpeg\" alt=\"\" class=\"wp-image-14571\" srcset=\"https:\/\/prefeitura.santarosa.rs.gov.br\/wp-content\/uploads\/2025\/07\/WhatsApp-Image-2025-07-17-at-09.58.53-1024x768.jpeg 1024w, https:\/\/prefeitura.santarosa.rs.gov.br\/wp-content\/uploads\/2025\/07\/WhatsApp-Image-2025-07-17-at-09.58.53-300x225.jpeg 300w, https:\/\/prefeitura.santarosa.rs.gov.br\/wp-content\/uploads\/2025\/07\/WhatsApp-Image-2025-07-17-at-09.58.53-768x576.jpeg 768w, https:\/\/prefeitura.santarosa.rs.gov.br\/wp-content\/uploads\/2025\/07\/WhatsApp-Image-2025-07-17-at-09.58.53-1536x1152.jpeg 1536w, https:\/\/prefeitura.santarosa.rs.gov.br\/wp-content\/uploads\/2025\/07\/WhatsApp-Image-2025-07-17-at-09.58.53-2048x1536.jpeg 2048w\" sizes=\"(max-width: 1024px) 100vw, 1024px\" \/><\/figure>\n\n\n\n<p>A m\u00fasica tem um poder transformador: toca as emo\u00e7\u00f5es mais profundas, conecta pessoas e ultrapassa barreiras. Nos Centros de Aten\u00e7\u00e3o Psicossocial (CAPS) da FUMSSAR em Santa Rosa, ela se torna uma importante aliada no cuidado com a sa\u00fade mental, especialmente por meio da forma\u00e7\u00e3o de grupos musicais. Mais do que uma atividade recreativa, a m\u00fasica \u00e9 utilizada como uma estrat\u00e9gia terap\u00eautica eficaz, promovendo bem-estar e contribuindo significativamente para o processo de recupera\u00e7\u00e3o dos usu\u00e1rios.<\/p>\n\n\n\n<p>Atualmente, os CAPS da FUMSSAR contam com tr\u00eas grupos de m\u00fasica, realizados sempre \u00e0s quartas-feiras, reunindo mais de 50 participantes. Segundo Fl\u00e1via Albuquerque, Gerente da Rede de Aten\u00e7\u00e3o Psicossocial (RAPS), a participa\u00e7\u00e3o em um grupo de m\u00fasica oferece diversos benef\u00edcios para pessoas em tratamento de sa\u00fade mental, \u201cA express\u00e3o art\u00edstica permite que sentimentos e emo\u00e7\u00f5es, muitas vezes dif\u00edceis de serem verbalizados, encontrem um canal de vaz\u00e3o. Atrav\u00e9s das letras, melodias e ritmos, os participantes podem explorar suas viv\u00eancias, ressignificar traumas e desenvolver novas formas de enfrentamento\u201d.<\/p>\n\n\n\n<p>A cada ensaio e a cada apresenta\u00e7\u00e3o, por menor que seja, a autoestima dos participantes \u00e9 fortalecida. A percep\u00e7\u00e3o de que s\u00e3o capazes de criar algo belo e significativo, de contribuir para um resultado coletivo que emociona e inspira, funciona como um poderoso refor\u00e7o positivo. Esse reconhecimento pessoal \u00e9 fundamental para o desenvolvimento de uma imagem mais positiva de si e para o avan\u00e7o no processo terap\u00eautico.<\/p>\n","protected":false},"excerpt":{"rendered":"<p>A m\u00fasica tem um poder transformador: toca as emo\u00e7\u00f5es mais profundas, conecta pessoas e ultrapassa barreiras. Nos Centros de Aten\u00e7\u00e3o<\/p>\n","protected":false},"author":6,"featured_media":14571,"comment_status":"closed","ping_status":"closed","sticky":false,"template":"","format":"standard","meta":{"footnotes":""},"categories":[4,8],"tags":[],"class_list":["post-14570","post","type-post","status-publish","format-standard","has-post-thumbnail","hentry","category-noticias","category-noticias-fumssar"],"aioseo_notices":[],"_links":{"self":[{"href":"https:\/\/prefeitura.santarosa.rs.gov.br\/index.php?rest_route=\/wp\/v2\/posts\/14570","targetHints":{"allow":["GET"]}}],"collection":[{"href":"https:\/\/prefeitura.santarosa.rs.gov.br\/index.php?rest_route=\/wp\/v2\/posts"}],"about":[{"href":"https:\/\/prefeitura.santarosa.rs.gov.br\/index.php?rest_route=\/wp\/v2\/types\/post"}],"author":[{"embeddable":true,"href":"https:\/\/prefeitura.santarosa.rs.gov.br\/index.php?rest_route=\/wp\/v2\/users\/6"}],"replies":[{"embeddable":true,"href":"https:\/\/prefeitura.santarosa.rs.gov.br\/index.php?rest_route=%2Fwp%2Fv2%2Fcomments&post=14570"}],"version-history":[{"count":1,"href":"https:\/\/prefeitura.santarosa.rs.gov.br\/index.php?rest_route=\/wp\/v2\/posts\/14570\/revisions"}],"predecessor-version":[{"id":14572,"href":"https:\/\/prefeitura.santarosa.rs.gov.br\/index.php?rest_route=\/wp\/v2\/posts\/14570\/revisions\/14572"}],"wp:featuredmedia":[{"embeddable":true,"href":"https:\/\/prefeitura.santarosa.rs.gov.br\/index.php?rest_route=\/wp\/v2\/media\/14571"}],"wp:attachment":[{"href":"https:\/\/prefeitura.santarosa.rs.gov.br\/index.php?rest_route=%2Fwp%2Fv2%2Fmedia&parent=14570"}],"wp:term":[{"taxonomy":"category","embeddable":true,"href":"https:\/\/prefeitura.santarosa.rs.gov.br\/index.php?rest_route=%2Fwp%2Fv2%2Fcategories&post=14570"},{"taxonomy":"post_tag","embeddable":true,"href":"https:\/\/prefeitura.santarosa.rs.gov.br\/index.php?rest_route=%2Fwp%2Fv2%2Ftags&post=14570"}],"curies":[{"name":"wp","href":"https:\/\/api.w.org\/{rel}","templated":true}]}}