{"id":14562,"date":"2025-07-16T15:44:30","date_gmt":"2025-07-16T18:44:30","guid":{"rendered":"https:\/\/prefeitura.santarosa.rs.gov.br\/?p=14562"},"modified":"2025-07-16T15:44:30","modified_gmt":"2025-07-16T18:44:30","slug":"2o-seminario-macrorregional-de-atencao-primaria-a-saude-reune-cerca-de-600-participantes","status":"publish","type":"post","link":"https:\/\/prefeitura.santarosa.rs.gov.br\/?p=14562","title":{"rendered":"2\u00ba Semin\u00e1rio Macrorregional de Aten\u00e7\u00e3o Prim\u00e1ria \u00e0 Sa\u00fade re\u00fane cerca de 600 participantes"},"content":{"rendered":"\n<figure class=\"wp-block-image size-large\"><img fetchpriority=\"high\" decoding=\"async\" width=\"1024\" height=\"576\" src=\"https:\/\/prefeitura.santarosa.rs.gov.br\/wp-content\/uploads\/2025\/07\/Formato-Site-e-Portal-1920X1080JPG-7-2-1024x576.jpg\" alt=\"\" class=\"wp-image-14563\" srcset=\"https:\/\/prefeitura.santarosa.rs.gov.br\/wp-content\/uploads\/2025\/07\/Formato-Site-e-Portal-1920X1080JPG-7-2-1024x576.jpg 1024w, https:\/\/prefeitura.santarosa.rs.gov.br\/wp-content\/uploads\/2025\/07\/Formato-Site-e-Portal-1920X1080JPG-7-2-300x169.jpg 300w, https:\/\/prefeitura.santarosa.rs.gov.br\/wp-content\/uploads\/2025\/07\/Formato-Site-e-Portal-1920X1080JPG-7-2-768x432.jpg 768w, https:\/\/prefeitura.santarosa.rs.gov.br\/wp-content\/uploads\/2025\/07\/Formato-Site-e-Portal-1920X1080JPG-7-2-1536x864.jpg 1536w, https:\/\/prefeitura.santarosa.rs.gov.br\/wp-content\/uploads\/2025\/07\/Formato-Site-e-Portal-1920X1080JPG-7-2.jpg 1920w\" sizes=\"(max-width: 1024px) 100vw, 1024px\" \/><\/figure>\n\n\n\n<p>A Funda\u00e7\u00e3o Municipal de Sa\u00fade de Santa Rosa (FUMSSAR) realizou nesta ter\u00e7a-feira (15), o 2\u00ba Semin\u00e1rio Macrorregional de Aten\u00e7\u00e3o Prim\u00e1ria \u00e0 Sa\u00fade. O evento aconteceu no Centro C\u00edvico Cultural Ant\u00f4nio Carlos Borges, reunindo cerca de 600 participantes, sendo 410 de forma presencial e 180 online.<\/p>\n\n\n\n<p>Com o tema central \u201cAcolhimento, Regula\u00e7\u00e3o e Sa\u00fade Digital na Aten\u00e7\u00e3o Prim\u00e1ria\u201d, o semin\u00e1rio contou com uma programa\u00e7\u00e3o abrangente, incluindo palestras e pain\u00e9is com especialistas e gestores da \u00e1rea da sa\u00fade. Foram debatidas estrat\u00e9gias de qualifica\u00e7\u00e3o da Aten\u00e7\u00e3o Prim\u00e1ria \u00e0 Sa\u00fade (APS), acolhimento, regula\u00e7\u00e3o m\u00e9dica, desafios da gest\u00e3o e os avan\u00e7os da sa\u00fade digital.<\/p>\n\n\n\n<p>A a\u00e7\u00e3o teve o apoio do Governo do Estado do Rio Grande do Sul, COSEMS\/RS e Minist\u00e9rio da Sa\u00fade, e foi voltada para profissionais da sa\u00fade, gestores, estudantes e demais interessados no tema. O Presidente da FUMSSAR, D\u00e9lcio Stefan, destacou a import\u00e2ncia do evento para o fortalecimento das redes de aten\u00e7\u00e3o, \u201cFicamos muito satisfeitos com o engajamento dos profissionais da sa\u00fade da nossa macrorregi\u00e3o. Esse semin\u00e1rio representa um espa\u00e7o essencial para troca de experi\u00eancias, reflex\u00e3o conjunta e atualiza\u00e7\u00e3o, sempre com o objetivo de qualificar o cuidado prestado para a popula\u00e7\u00e3o\u201d.<\/p>\n\n\n\n<p>O evento foi realizado de forma h\u00edbrida, com transmiss\u00e3o ao vivo pelo canal do YouTube da Prefeitura de Santa Rosa. Os links das transmiss\u00f5es seguem dispon\u00edveis para acesso e visualiza\u00e7\u00e3o posterior.<\/p>\n","protected":false},"excerpt":{"rendered":"<p>A Funda\u00e7\u00e3o Municipal de Sa\u00fade de Santa Rosa (FUMSSAR) realizou nesta ter\u00e7a-feira (15), o 2\u00ba Semin\u00e1rio Macrorregional de Aten\u00e7\u00e3o Prim\u00e1ria<\/p>\n","protected":false},"author":6,"featured_media":14564,"comment_status":"closed","ping_status":"closed","sticky":false,"template":"","format":"standard","meta":{"footnotes":""},"categories":[4,8],"tags":[],"class_list":["post-14562","post","type-post","status-publish","format-standard","has-post-thumbnail","hentry","category-noticias","category-noticias-fumssar"],"aioseo_notices":[],"_links":{"self":[{"href":"https:\/\/prefeitura.santarosa.rs.gov.br\/index.php?rest_route=\/wp\/v2\/posts\/14562","targetHints":{"allow":["GET"]}}],"collection":[{"href":"https:\/\/prefeitura.santarosa.rs.gov.br\/index.php?rest_route=\/wp\/v2\/posts"}],"about":[{"href":"https:\/\/prefeitura.santarosa.rs.gov.br\/index.php?rest_route=\/wp\/v2\/types\/post"}],"author":[{"embeddable":true,"href":"https:\/\/prefeitura.santarosa.rs.gov.br\/index.php?rest_route=\/wp\/v2\/users\/6"}],"replies":[{"embeddable":true,"href":"https:\/\/prefeitura.santarosa.rs.gov.br\/index.php?rest_route=%2Fwp%2Fv2%2Fcomments&post=14562"}],"version-history":[{"count":1,"href":"https:\/\/prefeitura.santarosa.rs.gov.br\/index.php?rest_route=\/wp\/v2\/posts\/14562\/revisions"}],"predecessor-version":[{"id":14565,"href":"https:\/\/prefeitura.santarosa.rs.gov.br\/index.php?rest_route=\/wp\/v2\/posts\/14562\/revisions\/14565"}],"wp:featuredmedia":[{"embeddable":true,"href":"https:\/\/prefeitura.santarosa.rs.gov.br\/index.php?rest_route=\/wp\/v2\/media\/14564"}],"wp:attachment":[{"href":"https:\/\/prefeitura.santarosa.rs.gov.br\/index.php?rest_route=%2Fwp%2Fv2%2Fmedia&parent=14562"}],"wp:term":[{"taxonomy":"category","embeddable":true,"href":"https:\/\/prefeitura.santarosa.rs.gov.br\/index.php?rest_route=%2Fwp%2Fv2%2Fcategories&post=14562"},{"taxonomy":"post_tag","embeddable":true,"href":"https:\/\/prefeitura.santarosa.rs.gov.br\/index.php?rest_route=%2Fwp%2Fv2%2Ftags&post=14562"}],"curies":[{"name":"wp","href":"https:\/\/api.w.org\/{rel}","templated":true}]}}