{"id":14558,"date":"2025-07-16T14:43:47","date_gmt":"2025-07-16T17:43:47","guid":{"rendered":"https:\/\/prefeitura.santarosa.rs.gov.br\/?p=14558"},"modified":"2025-07-16T14:43:48","modified_gmt":"2025-07-16T17:43:48","slug":"prefeitura-avalia-aprendizagem-dos-alunos-da-rede-municipal-de-ensino","status":"publish","type":"post","link":"https:\/\/prefeitura.santarosa.rs.gov.br\/?p=14558","title":{"rendered":"Prefeitura avalia aprendizagem dos alunos da Rede Municipal de Ensino"},"content":{"rendered":"\n<figure class=\"wp-block-image size-large\"><img fetchpriority=\"high\" decoding=\"async\" width=\"1024\" height=\"576\" src=\"https:\/\/prefeitura.santarosa.rs.gov.br\/wp-content\/uploads\/2025\/07\/Formato-Site-e-Portal-1920X1080JPG-6-2-1024x576.jpg\" alt=\"\" class=\"wp-image-14559\" srcset=\"https:\/\/prefeitura.santarosa.rs.gov.br\/wp-content\/uploads\/2025\/07\/Formato-Site-e-Portal-1920X1080JPG-6-2-1024x576.jpg 1024w, https:\/\/prefeitura.santarosa.rs.gov.br\/wp-content\/uploads\/2025\/07\/Formato-Site-e-Portal-1920X1080JPG-6-2-300x169.jpg 300w, https:\/\/prefeitura.santarosa.rs.gov.br\/wp-content\/uploads\/2025\/07\/Formato-Site-e-Portal-1920X1080JPG-6-2-768x432.jpg 768w, https:\/\/prefeitura.santarosa.rs.gov.br\/wp-content\/uploads\/2025\/07\/Formato-Site-e-Portal-1920X1080JPG-6-2-1536x864.jpg 1536w, https:\/\/prefeitura.santarosa.rs.gov.br\/wp-content\/uploads\/2025\/07\/Formato-Site-e-Portal-1920X1080JPG-6-2.jpg 1920w\" sizes=\"(max-width: 1024px) 100vw, 1024px\" \/><\/figure>\n\n\n\n<p>A Prefeitura, por meio da Secretaria de Educa\u00e7\u00e3o e Cultura, est\u00e1 realizando neste m\u00eas de julho, uma importante etapa do Projeto Educa\u00e7\u00e3o: Um Olhar para o Futuro de Santa Rosa. A a\u00e7\u00e3o tem como foco a aplica\u00e7\u00e3o de avalia\u00e7\u00f5es aos alunos da Rede Municipal de Ensino. As provas, aplicadas aos estudantes dos 2\u00ba, 5\u00ba e 9\u00ba anos do Ensino Fundamental, abrangem as disciplinas de L\u00edngua Portuguesa e Matem\u00e1tica.<\/p>\n\n\n\n<p>O projeto tem como objetivo promover o engajamento de alunos e professores no processo de ensino. As avalia\u00e7\u00f5es s\u00e3o elaboradas nos moldes do SAEB (Sistema de Avalia\u00e7\u00e3o da Educa\u00e7\u00e3o B\u00e1sica) e do SAERS (Sistema de Avalia\u00e7\u00e3o do Rendimento Escolar do Rio Grande do Sul), permitindo um diagn\u00f3stico mais preciso dos n\u00edveis de aprendizagem dos estudantes e da efetividade das pr\u00e1ticas pedag\u00f3gicas adotadas. A Secret\u00e1ria de Educa\u00e7\u00e3o, Josyane Heck, destaca que a a\u00e7\u00e3o \u00e9 essencial para a melhoria cont\u00ednua da Rede Municipal de Ensino, \u201cEssas avalia\u00e7\u00f5es nos mostram onde estamos e onde precisamos chegar, possibilitando o planejamento de estrat\u00e9gias mais assertivas para garantir o direito de aprender a todos os nossos estudantes\u201d.<\/p>\n\n\n\n<p>Com os dados obtidos, o projeto visa implementar metodologias e interven\u00e7\u00f5es pedag\u00f3gicas especialmente voltadas aos alunos que apresentarem desempenho abaixo do esperado nas escalas do IDEB e IMERS. A iniciativa tamb\u00e9m busca fortalecer a perman\u00eancia dos alunos na escola, combatendo a evas\u00e3o escolar, a repet\u00eancia e as distor\u00e7\u00f5es entre s\u00e9rie e idade.<\/p>\n","protected":false},"excerpt":{"rendered":"<p>A Prefeitura, por meio da Secretaria de Educa\u00e7\u00e3o e Cultura, est\u00e1 realizando neste m\u00eas de julho, uma importante etapa do<\/p>\n","protected":false},"author":6,"featured_media":14560,"comment_status":"closed","ping_status":"closed","sticky":false,"template":"","format":"standard","meta":{"footnotes":""},"categories":[4,18],"tags":[],"class_list":["post-14558","post","type-post","status-publish","format-standard","has-post-thumbnail","hentry","category-noticias","category-secretaria-municipal-de-educacao-e-cultura"],"aioseo_notices":[],"_links":{"self":[{"href":"https:\/\/prefeitura.santarosa.rs.gov.br\/index.php?rest_route=\/wp\/v2\/posts\/14558","targetHints":{"allow":["GET"]}}],"collection":[{"href":"https:\/\/prefeitura.santarosa.rs.gov.br\/index.php?rest_route=\/wp\/v2\/posts"}],"about":[{"href":"https:\/\/prefeitura.santarosa.rs.gov.br\/index.php?rest_route=\/wp\/v2\/types\/post"}],"author":[{"embeddable":true,"href":"https:\/\/prefeitura.santarosa.rs.gov.br\/index.php?rest_route=\/wp\/v2\/users\/6"}],"replies":[{"embeddable":true,"href":"https:\/\/prefeitura.santarosa.rs.gov.br\/index.php?rest_route=%2Fwp%2Fv2%2Fcomments&post=14558"}],"version-history":[{"count":1,"href":"https:\/\/prefeitura.santarosa.rs.gov.br\/index.php?rest_route=\/wp\/v2\/posts\/14558\/revisions"}],"predecessor-version":[{"id":14561,"href":"https:\/\/prefeitura.santarosa.rs.gov.br\/index.php?rest_route=\/wp\/v2\/posts\/14558\/revisions\/14561"}],"wp:featuredmedia":[{"embeddable":true,"href":"https:\/\/prefeitura.santarosa.rs.gov.br\/index.php?rest_route=\/wp\/v2\/media\/14560"}],"wp:attachment":[{"href":"https:\/\/prefeitura.santarosa.rs.gov.br\/index.php?rest_route=%2Fwp%2Fv2%2Fmedia&parent=14558"}],"wp:term":[{"taxonomy":"category","embeddable":true,"href":"https:\/\/prefeitura.santarosa.rs.gov.br\/index.php?rest_route=%2Fwp%2Fv2%2Fcategories&post=14558"},{"taxonomy":"post_tag","embeddable":true,"href":"https:\/\/prefeitura.santarosa.rs.gov.br\/index.php?rest_route=%2Fwp%2Fv2%2Ftags&post=14558"}],"curies":[{"name":"wp","href":"https:\/\/api.w.org\/{rel}","templated":true}]}}