{"id":14388,"date":"2025-06-27T15:49:09","date_gmt":"2025-06-27T18:49:09","guid":{"rendered":"https:\/\/prefeitura.santarosa.rs.gov.br\/?p=14388"},"modified":"2025-06-27T16:21:19","modified_gmt":"2025-06-27T19:21:19","slug":"anta-rosa-na-rota-fiergs","status":"publish","type":"post","link":"https:\/\/prefeitura.santarosa.rs.gov.br\/?p=14388","title":{"rendered":"Santa Rosa na Rota FIERGS"},"content":{"rendered":"\n<figure class=\"wp-block-image size-full\"><img fetchpriority=\"high\" decoding=\"async\" width=\"860\" height=\"645\" src=\"https:\/\/prefeitura.santarosa.rs.gov.br\/wp-content\/uploads\/2025\/06\/Formato-Site-e-Portal-860X645-JPG-2025-06-27T154044.388.jpg\" alt=\"\" class=\"wp-image-14389\" srcset=\"https:\/\/prefeitura.santarosa.rs.gov.br\/wp-content\/uploads\/2025\/06\/Formato-Site-e-Portal-860X645-JPG-2025-06-27T154044.388.jpg 860w, https:\/\/prefeitura.santarosa.rs.gov.br\/wp-content\/uploads\/2025\/06\/Formato-Site-e-Portal-860X645-JPG-2025-06-27T154044.388-300x225.jpg 300w, https:\/\/prefeitura.santarosa.rs.gov.br\/wp-content\/uploads\/2025\/06\/Formato-Site-e-Portal-860X645-JPG-2025-06-27T154044.388-768x576.jpg 768w\" sizes=\"(max-width: 860px) 100vw, 860px\" \/><\/figure>\n\n\n\n<p>Nesta quinta-feira (26), Santa Rosa foi palco de mais uma importante edi\u00e7\u00e3o da Rota FIERGS, no Restaurante Fenasoja, no Parque de Exposi\u00e7\u00f5es Alfredo Leandro Carlson. O evento reuniu lideran\u00e7as industriais, sindicais e representantes do poder p\u00fablico de toda a Regi\u00e3o Noroeste do Estado que \u00e9 formada por 133 munic\u00edpios e abrange mais de 5,8 mil ind\u00fastrias. O prefeito Anderson Mantei, o vice-prefeito Aldemir Ulrich e secret\u00e1rios da Administra\u00e7\u00e3o Municipal prestigiaram o encontro.<\/p>\n\n\n\n<p>A programa\u00e7\u00e3o contou com a presen\u00e7a do presidente da FIERGS, Claudio Bier, acompanhado dos vice-presidentes Cl\u00f3vis Tramontina e Julio Mottin, al\u00e9m de diretores e representantes da entidade. Eles tamb\u00e9m visitaram a unidade do SENAI Santa Rosa, conhecendo de perto a estrutura e os investimentos na qualifica\u00e7\u00e3o profissional local.<\/p>\n\n\n\n<p>No encerramento, o programa Pampa Debates foi realizado diretamente do Parque de Exposi\u00e7\u00f5es, com discuss\u00f5es relevantes sobre o fortalecimento da ind\u00fastria ga\u00facha e os desafios do setor.<\/p>\n","protected":false},"excerpt":{"rendered":"<p>Nesta quinta-feira (26), Santa Rosa foi palco de mais uma importante edi\u00e7\u00e3o da Rota FIERGS, no Restaurante Fenasoja, no Parque<\/p>\n","protected":false},"author":12,"featured_media":14391,"comment_status":"closed","ping_status":"closed","sticky":false,"template":"","format":"standard","meta":{"footnotes":""},"categories":[4,3],"tags":[],"class_list":["post-14388","post","type-post","status-publish","format-standard","has-post-thumbnail","hentry","category-noticias","category-gabinete-do-prefeito"],"aioseo_notices":[],"_links":{"self":[{"href":"https:\/\/prefeitura.santarosa.rs.gov.br\/index.php?rest_route=\/wp\/v2\/posts\/14388","targetHints":{"allow":["GET"]}}],"collection":[{"href":"https:\/\/prefeitura.santarosa.rs.gov.br\/index.php?rest_route=\/wp\/v2\/posts"}],"about":[{"href":"https:\/\/prefeitura.santarosa.rs.gov.br\/index.php?rest_route=\/wp\/v2\/types\/post"}],"author":[{"embeddable":true,"href":"https:\/\/prefeitura.santarosa.rs.gov.br\/index.php?rest_route=\/wp\/v2\/users\/12"}],"replies":[{"embeddable":true,"href":"https:\/\/prefeitura.santarosa.rs.gov.br\/index.php?rest_route=%2Fwp%2Fv2%2Fcomments&post=14388"}],"version-history":[{"count":2,"href":"https:\/\/prefeitura.santarosa.rs.gov.br\/index.php?rest_route=\/wp\/v2\/posts\/14388\/revisions"}],"predecessor-version":[{"id":14393,"href":"https:\/\/prefeitura.santarosa.rs.gov.br\/index.php?rest_route=\/wp\/v2\/posts\/14388\/revisions\/14393"}],"wp:featuredmedia":[{"embeddable":true,"href":"https:\/\/prefeitura.santarosa.rs.gov.br\/index.php?rest_route=\/wp\/v2\/media\/14391"}],"wp:attachment":[{"href":"https:\/\/prefeitura.santarosa.rs.gov.br\/index.php?rest_route=%2Fwp%2Fv2%2Fmedia&parent=14388"}],"wp:term":[{"taxonomy":"category","embeddable":true,"href":"https:\/\/prefeitura.santarosa.rs.gov.br\/index.php?rest_route=%2Fwp%2Fv2%2Fcategories&post=14388"},{"taxonomy":"post_tag","embeddable":true,"href":"https:\/\/prefeitura.santarosa.rs.gov.br\/index.php?rest_route=%2Fwp%2Fv2%2Ftags&post=14388"}],"curies":[{"name":"wp","href":"https:\/\/api.w.org\/{rel}","templated":true}]}}