{"id":14384,"date":"2025-06-27T15:22:01","date_gmt":"2025-06-27T18:22:01","guid":{"rendered":"https:\/\/prefeitura.santarosa.rs.gov.br\/?p=14384"},"modified":"2025-06-27T15:22:02","modified_gmt":"2025-06-27T18:22:02","slug":"santa-rosa-inicia-preparativos-para-o-desfile-civico-de-7-de-setembro","status":"publish","type":"post","link":"https:\/\/prefeitura.santarosa.rs.gov.br\/?p=14384","title":{"rendered":"Santa Rosa inicia preparativos para o Desfile C\u00edvico de 7 de Setembro"},"content":{"rendered":"\n<figure class=\"wp-block-image size-full\"><img fetchpriority=\"high\" decoding=\"async\" width=\"860\" height=\"645\" src=\"https:\/\/prefeitura.santarosa.rs.gov.br\/wp-content\/uploads\/2025\/06\/Formato-Site-e-Portal-860X645-JPG-2025-06-27T152056.637.jpg\" alt=\"\" class=\"wp-image-14385\" srcset=\"https:\/\/prefeitura.santarosa.rs.gov.br\/wp-content\/uploads\/2025\/06\/Formato-Site-e-Portal-860X645-JPG-2025-06-27T152056.637.jpg 860w, https:\/\/prefeitura.santarosa.rs.gov.br\/wp-content\/uploads\/2025\/06\/Formato-Site-e-Portal-860X645-JPG-2025-06-27T152056.637-300x225.jpg 300w, https:\/\/prefeitura.santarosa.rs.gov.br\/wp-content\/uploads\/2025\/06\/Formato-Site-e-Portal-860X645-JPG-2025-06-27T152056.637-768x576.jpg 768w\" sizes=\"(max-width: 860px) 100vw, 860px\" \/><\/figure>\n\n\n\n<p>A Prefeitura de Santa Rosa, por meio da Secretaria de Educa\u00e7\u00e3o e Cultura, promoveu na manh\u00e3 desta sexta-feira (27), uma reuni\u00e3o no N\u00facleo de Ensino e Pesquisa (NEP) para definir os preparativos do Desfile C\u00edvico-Militar de 07 de setembro. O encontro contou com a presen\u00e7a de representantes de institui\u00e7\u00f5es de ensino, empresas e lideran\u00e7as do munic\u00edpio, que juntos alinharam os detalhes da programa\u00e7\u00e3o. Na ocasi\u00e3o, foram definidos os temas que nortear\u00e3o o desfile deste ano: o tema nacional ser\u00e1 &#8220;Dom Pedro II&#8221;, o tema regional &#8220;Gr\u00eamio N\u00e1utico Uni\u00e3o&#8221; e o tema municipal &#8220;Santa Rosa: terra de oportunidades, ber\u00e7o de hist\u00f3rias&#8221;.<\/p>\n\n\n\n<p>Ainda durante a reuni\u00e3o, cada entidade participante recebeu orienta\u00e7\u00f5es para iniciar os preparativos e as atividades da Semana da P\u00e1tria. A Secret\u00e1ria de Educa\u00e7\u00e3o e Cultura, Josyane Heck, destacou a import\u00e2ncia do evento como momento de uni\u00e3o e valoriza\u00e7\u00e3o da identidade local, \u201cO desfile \u00e9 uma manifesta\u00e7\u00e3o de civismo que mobiliza toda a comunidade. \u00c9 uma oportunidade para resgatarmos valores, celebrarmos nossa hist\u00f3ria e refor\u00e7armos o sentimento de pertencimento \u00e0 nossa cidade\u201d.<\/p>\n\n\n\n<p>Ficou estabelecido que o desfile ser\u00e1 realizado no domingo, 07 de setembro. Em caso de chuva, o evento ser\u00e1 transferido para o domingo seguinte, 14 de setembro.<\/p>\n","protected":false},"excerpt":{"rendered":"<p>A Prefeitura de Santa Rosa, por meio da Secretaria de Educa\u00e7\u00e3o e Cultura, promoveu na manh\u00e3 desta sexta-feira (27), uma<\/p>\n","protected":false},"author":12,"featured_media":14386,"comment_status":"closed","ping_status":"closed","sticky":false,"template":"","format":"standard","meta":{"footnotes":""},"categories":[4,18],"tags":[],"class_list":["post-14384","post","type-post","status-publish","format-standard","has-post-thumbnail","hentry","category-noticias","category-secretaria-municipal-de-educacao-e-cultura"],"aioseo_notices":[],"_links":{"self":[{"href":"https:\/\/prefeitura.santarosa.rs.gov.br\/index.php?rest_route=\/wp\/v2\/posts\/14384","targetHints":{"allow":["GET"]}}],"collection":[{"href":"https:\/\/prefeitura.santarosa.rs.gov.br\/index.php?rest_route=\/wp\/v2\/posts"}],"about":[{"href":"https:\/\/prefeitura.santarosa.rs.gov.br\/index.php?rest_route=\/wp\/v2\/types\/post"}],"author":[{"embeddable":true,"href":"https:\/\/prefeitura.santarosa.rs.gov.br\/index.php?rest_route=\/wp\/v2\/users\/12"}],"replies":[{"embeddable":true,"href":"https:\/\/prefeitura.santarosa.rs.gov.br\/index.php?rest_route=%2Fwp%2Fv2%2Fcomments&post=14384"}],"version-history":[{"count":1,"href":"https:\/\/prefeitura.santarosa.rs.gov.br\/index.php?rest_route=\/wp\/v2\/posts\/14384\/revisions"}],"predecessor-version":[{"id":14387,"href":"https:\/\/prefeitura.santarosa.rs.gov.br\/index.php?rest_route=\/wp\/v2\/posts\/14384\/revisions\/14387"}],"wp:featuredmedia":[{"embeddable":true,"href":"https:\/\/prefeitura.santarosa.rs.gov.br\/index.php?rest_route=\/wp\/v2\/media\/14386"}],"wp:attachment":[{"href":"https:\/\/prefeitura.santarosa.rs.gov.br\/index.php?rest_route=%2Fwp%2Fv2%2Fmedia&parent=14384"}],"wp:term":[{"taxonomy":"category","embeddable":true,"href":"https:\/\/prefeitura.santarosa.rs.gov.br\/index.php?rest_route=%2Fwp%2Fv2%2Fcategories&post=14384"},{"taxonomy":"post_tag","embeddable":true,"href":"https:\/\/prefeitura.santarosa.rs.gov.br\/index.php?rest_route=%2Fwp%2Fv2%2Ftags&post=14384"}],"curies":[{"name":"wp","href":"https:\/\/api.w.org\/{rel}","templated":true}]}}