{"id":14336,"date":"2025-06-23T16:44:01","date_gmt":"2025-06-23T19:44:01","guid":{"rendered":"https:\/\/prefeitura.santarosa.rs.gov.br\/?p=14336"},"modified":"2025-06-23T16:44:01","modified_gmt":"2025-06-23T19:44:01","slug":"avanca-projeto-das-pontes-internacionais-entre-o-rs-e-a-argentina-anteprojeto-sera-entregue-no-segundo-semestre","status":"publish","type":"post","link":"https:\/\/prefeitura.santarosa.rs.gov.br\/?p=14336","title":{"rendered":"Avan\u00e7a projeto das Pontes Internacionais entre o RS e a Argentina: anteprojeto ser\u00e1 entregue no segundo semestre"},"content":{"rendered":"\n<figure class=\"wp-block-image size-full\"><img fetchpriority=\"high\" decoding=\"async\" width=\"860\" height=\"645\" src=\"https:\/\/prefeitura.santarosa.rs.gov.br\/wp-content\/uploads\/2025\/06\/Formato-Site-e-Portal-860X645-JPG-2025-06-23T164034.837.jpg\" alt=\"\" class=\"wp-image-14337\" srcset=\"https:\/\/prefeitura.santarosa.rs.gov.br\/wp-content\/uploads\/2025\/06\/Formato-Site-e-Portal-860X645-JPG-2025-06-23T164034.837.jpg 860w, https:\/\/prefeitura.santarosa.rs.gov.br\/wp-content\/uploads\/2025\/06\/Formato-Site-e-Portal-860X645-JPG-2025-06-23T164034.837-300x225.jpg 300w, https:\/\/prefeitura.santarosa.rs.gov.br\/wp-content\/uploads\/2025\/06\/Formato-Site-e-Portal-860X645-JPG-2025-06-23T164034.837-768x576.jpg 768w\" sizes=\"(max-width: 860px) 100vw, 860px\" \/><\/figure>\n\n\n\n<p>As tratativas para a concretiza\u00e7\u00e3o das Pontes Internacionais que ligar\u00e3o o Rio Grande do Sul \u00e0 Argentina seguem avan\u00e7ando. Na \u00faltima semana, o prefeito de Santa Rosa, Anderson Mantei, participou de uma reuni\u00e3o online coordenada pelo vice-governador Gabriel Souza, com foco na elabora\u00e7\u00e3o dos Termos de Refer\u00eancia para os projetos de engenharia das futuras estruturas. O encontrou tamb\u00e9m contou com a participa\u00e7\u00e3o de autoridades argentinas.<\/p>\n\n\n\n<p>Na reuni\u00e3o, foram debatidos temas estrat\u00e9gicos como a desapropria\u00e7\u00e3o das \u00e1reas de acesso \u00e0s pontes no lado argentino e quest\u00f5es ambientais em territ\u00f3rio vizinho, fundamentais para viabilizar as constru\u00e7\u00f5es. A iniciativa contempla tr\u00eas novas liga\u00e7\u00f5es entre Brasil e Argentina: Porto Mau\u00e1 &#8211; Alba Posse, Tiradentes do Sul &#8211; El Soberbio e Itaqui &#8211; Alvear. Atualmente, a travessia entre esses pontos \u00e9 feita apenas por balsas, o que limita o transporte de pessoas e mercadorias. O Prefeito Anderson Mantei, que \u00e9 um dos principais mediadores da proposta, destacou a import\u00e2ncia da articula\u00e7\u00e3o conjunta entre lideran\u00e7as regionais e estaduais, \u201cA cada passo, nos aproximamos de transformar em realidade um projeto que h\u00e1 anos representa o sonho de desenvolvimento para a Fronteira Noroeste. A uni\u00e3o de esfor\u00e7os com o vice-governador Gabriel Souza tem sido essencial nesse processo\u201d.<\/p>\n\n\n\n<p>Participaram da reuni\u00e3o, a Secret\u00e1ria de Planejamento, Governan\u00e7a e Gest\u00e3o, Danielle Calazans; o Secret\u00e1rio-adjunto de Log\u00edstica e Transportes, Cl\u00f3vis Magalh\u00e3es; o Diretor-geral do DAER, Luciano Faustino; representantes da Caixa Econ\u00f4mica Federal; al\u00e9m dos governadores das prov\u00edncias argentinas de Misiones, Hugo Passalacqua, e de Corrientes, Gustavo Vald\u00e9s.<\/p>\n","protected":false},"excerpt":{"rendered":"<p>As tratativas para a concretiza\u00e7\u00e3o das Pontes Internacionais que ligar\u00e3o o Rio Grande do Sul \u00e0 Argentina seguem avan\u00e7ando. Na<\/p>\n","protected":false},"author":12,"featured_media":14338,"comment_status":"closed","ping_status":"closed","sticky":false,"template":"","format":"standard","meta":{"footnotes":""},"categories":[4,3],"tags":[],"class_list":["post-14336","post","type-post","status-publish","format-standard","has-post-thumbnail","hentry","category-noticias","category-gabinete-do-prefeito"],"aioseo_notices":[],"_links":{"self":[{"href":"https:\/\/prefeitura.santarosa.rs.gov.br\/index.php?rest_route=\/wp\/v2\/posts\/14336","targetHints":{"allow":["GET"]}}],"collection":[{"href":"https:\/\/prefeitura.santarosa.rs.gov.br\/index.php?rest_route=\/wp\/v2\/posts"}],"about":[{"href":"https:\/\/prefeitura.santarosa.rs.gov.br\/index.php?rest_route=\/wp\/v2\/types\/post"}],"author":[{"embeddable":true,"href":"https:\/\/prefeitura.santarosa.rs.gov.br\/index.php?rest_route=\/wp\/v2\/users\/12"}],"replies":[{"embeddable":true,"href":"https:\/\/prefeitura.santarosa.rs.gov.br\/index.php?rest_route=%2Fwp%2Fv2%2Fcomments&post=14336"}],"version-history":[{"count":1,"href":"https:\/\/prefeitura.santarosa.rs.gov.br\/index.php?rest_route=\/wp\/v2\/posts\/14336\/revisions"}],"predecessor-version":[{"id":14339,"href":"https:\/\/prefeitura.santarosa.rs.gov.br\/index.php?rest_route=\/wp\/v2\/posts\/14336\/revisions\/14339"}],"wp:featuredmedia":[{"embeddable":true,"href":"https:\/\/prefeitura.santarosa.rs.gov.br\/index.php?rest_route=\/wp\/v2\/media\/14338"}],"wp:attachment":[{"href":"https:\/\/prefeitura.santarosa.rs.gov.br\/index.php?rest_route=%2Fwp%2Fv2%2Fmedia&parent=14336"}],"wp:term":[{"taxonomy":"category","embeddable":true,"href":"https:\/\/prefeitura.santarosa.rs.gov.br\/index.php?rest_route=%2Fwp%2Fv2%2Fcategories&post=14336"},{"taxonomy":"post_tag","embeddable":true,"href":"https:\/\/prefeitura.santarosa.rs.gov.br\/index.php?rest_route=%2Fwp%2Fv2%2Ftags&post=14336"}],"curies":[{"name":"wp","href":"https:\/\/api.w.org\/{rel}","templated":true}]}}