{"id":14325,"date":"2025-06-20T17:33:57","date_gmt":"2025-06-20T20:33:57","guid":{"rendered":"https:\/\/prefeitura.santarosa.rs.gov.br\/?p=14325"},"modified":"2025-06-20T17:33:57","modified_gmt":"2025-06-20T20:33:57","slug":"nota-fiscal-eletronica-sera-obrigatoria-para-produtores-rurais-a-partir-de-1o-de-julho","status":"publish","type":"post","link":"https:\/\/prefeitura.santarosa.rs.gov.br\/?p=14325","title":{"rendered":"Nota Fiscal Eletr\u00f4nica ser\u00e1 obrigat\u00f3ria para produtores rurais a partir de 1\u00ba de julho"},"content":{"rendered":"\n<figure class=\"wp-block-image size-full\"><img fetchpriority=\"high\" decoding=\"async\" width=\"860\" height=\"645\" src=\"https:\/\/prefeitura.santarosa.rs.gov.br\/wp-content\/uploads\/2025\/06\/Formato-Site-e-Portal-860X645-JPG-2025-06-20T173323.502.jpg\" alt=\"\" class=\"wp-image-14327\" srcset=\"https:\/\/prefeitura.santarosa.rs.gov.br\/wp-content\/uploads\/2025\/06\/Formato-Site-e-Portal-860X645-JPG-2025-06-20T173323.502.jpg 860w, https:\/\/prefeitura.santarosa.rs.gov.br\/wp-content\/uploads\/2025\/06\/Formato-Site-e-Portal-860X645-JPG-2025-06-20T173323.502-300x225.jpg 300w, https:\/\/prefeitura.santarosa.rs.gov.br\/wp-content\/uploads\/2025\/06\/Formato-Site-e-Portal-860X645-JPG-2025-06-20T173323.502-768x576.jpg 768w\" sizes=\"(max-width: 860px) 100vw, 860px\" \/><\/figure>\n\n\n\n<p>A Prefeitura de Santa Rosa informa que a emiss\u00e3o da Nota Fiscal Eletr\u00f4nica (NF-e) e da Nota Fiscal de Consumidor Eletr\u00f4nica (NFC-e) passar\u00e1 a ser obrigat\u00f3ria a partir de 1\u00ba de julho de 2025. Para esclarecer d\u00favidas sobre a obrigatoriedade da emiss\u00e3o da Nota Fiscal Eletr\u00f4nica, a equipe da Secretaria de Agricultura organizou uma reuni\u00e3o de tira-d\u00favidas que ir\u00e1 ocorrer na pr\u00f3xima quarta-feira, dia 25 de junho. Ser\u00e3o dois hor\u00e1rios dispon\u00edveis: \u00e0s 9h30min e \u00e0s 14h, no audit\u00f3rio do Sindicato dos Trabalhadores Rurais.<\/p>\n\n\n\n<p>A obrigatorieridade ser\u00e1 imposta aos produtores rurais que, em 2023 ou 2024, tiveram receita bruta superior a R$ 360 mil com a atividade rural. Esses produtores n\u00e3o poder\u00e3o mais utilizar o tal\u00e3o do produtor (modelo 4).<\/p>\n\n\n\n<p>A reuni\u00e3o tamb\u00e9m ser\u00e1 uma oportunidade para os produtores aprenderem a emitir notas fiscais eletr\u00f4nicas utilizando o aplicativo Nota Fiscal F\u00e1cil, com o suporte da equipe da Secretaria de Agricultura e do Sindicato dos Trabalhadores Rurais.<\/p>\n\n\n\n<p>\ud83d\udccd Local: Audit\u00f3rio do Sindicato dos Trabalhadores Rurais<br>\ud83d\udccd Endere\u00e7o: Rua Buriti, n\u00ba 74 \u2013 Centro<br>\ud83d\uddd3\ufe0f Data: Quarta-feira, 25\/06\/2025<br>\ud83d\udd58 Hor\u00e1rios: 9h30min ou 14h<\/p>\n\n\n\n<p>Produtores interessados podem comparecer no hor\u00e1rio que preferirem.<\/p>\n","protected":false},"excerpt":{"rendered":"<p>A Prefeitura de Santa Rosa informa que a emiss\u00e3o da Nota Fiscal Eletr\u00f4nica (NF-e) e da Nota Fiscal de Consumidor<\/p>\n","protected":false},"author":12,"featured_media":14328,"comment_status":"closed","ping_status":"closed","sticky":false,"template":"","format":"standard","meta":{"footnotes":""},"categories":[4,14],"tags":[],"class_list":["post-14325","post","type-post","status-publish","format-standard","has-post-thumbnail","hentry","category-noticias","category-secretaria-municipal-de-agricultura"],"aioseo_notices":[],"_links":{"self":[{"href":"https:\/\/prefeitura.santarosa.rs.gov.br\/index.php?rest_route=\/wp\/v2\/posts\/14325","targetHints":{"allow":["GET"]}}],"collection":[{"href":"https:\/\/prefeitura.santarosa.rs.gov.br\/index.php?rest_route=\/wp\/v2\/posts"}],"about":[{"href":"https:\/\/prefeitura.santarosa.rs.gov.br\/index.php?rest_route=\/wp\/v2\/types\/post"}],"author":[{"embeddable":true,"href":"https:\/\/prefeitura.santarosa.rs.gov.br\/index.php?rest_route=\/wp\/v2\/users\/12"}],"replies":[{"embeddable":true,"href":"https:\/\/prefeitura.santarosa.rs.gov.br\/index.php?rest_route=%2Fwp%2Fv2%2Fcomments&post=14325"}],"version-history":[{"count":1,"href":"https:\/\/prefeitura.santarosa.rs.gov.br\/index.php?rest_route=\/wp\/v2\/posts\/14325\/revisions"}],"predecessor-version":[{"id":14329,"href":"https:\/\/prefeitura.santarosa.rs.gov.br\/index.php?rest_route=\/wp\/v2\/posts\/14325\/revisions\/14329"}],"wp:featuredmedia":[{"embeddable":true,"href":"https:\/\/prefeitura.santarosa.rs.gov.br\/index.php?rest_route=\/wp\/v2\/media\/14328"}],"wp:attachment":[{"href":"https:\/\/prefeitura.santarosa.rs.gov.br\/index.php?rest_route=%2Fwp%2Fv2%2Fmedia&parent=14325"}],"wp:term":[{"taxonomy":"category","embeddable":true,"href":"https:\/\/prefeitura.santarosa.rs.gov.br\/index.php?rest_route=%2Fwp%2Fv2%2Fcategories&post=14325"},{"taxonomy":"post_tag","embeddable":true,"href":"https:\/\/prefeitura.santarosa.rs.gov.br\/index.php?rest_route=%2Fwp%2Fv2%2Ftags&post=14325"}],"curies":[{"name":"wp","href":"https:\/\/api.w.org\/{rel}","templated":true}]}}