{"id":14298,"date":"2025-06-18T10:30:33","date_gmt":"2025-06-18T13:30:33","guid":{"rendered":"https:\/\/prefeitura.santarosa.rs.gov.br\/?p=14298"},"modified":"2025-06-18T10:30:34","modified_gmt":"2025-06-18T13:30:34","slug":"16a-conferencia-municipal-de-assistencia-social-sera-realizada-em-julho","status":"publish","type":"post","link":"https:\/\/prefeitura.santarosa.rs.gov.br\/?p=14298","title":{"rendered":"16\u00aa Confer\u00eancia Municipal de Assist\u00eancia Social ser\u00e1 realizada em julho"},"content":{"rendered":"\n<figure class=\"wp-block-image size-full\"><img fetchpriority=\"high\" decoding=\"async\" width=\"860\" height=\"645\" src=\"https:\/\/prefeitura.santarosa.rs.gov.br\/wp-content\/uploads\/2025\/06\/Formato-Site-e-Portal-860X645-JPG-2025-06-18T102903.615.jpg\" alt=\"\" class=\"wp-image-14299\" srcset=\"https:\/\/prefeitura.santarosa.rs.gov.br\/wp-content\/uploads\/2025\/06\/Formato-Site-e-Portal-860X645-JPG-2025-06-18T102903.615.jpg 860w, https:\/\/prefeitura.santarosa.rs.gov.br\/wp-content\/uploads\/2025\/06\/Formato-Site-e-Portal-860X645-JPG-2025-06-18T102903.615-300x225.jpg 300w, https:\/\/prefeitura.santarosa.rs.gov.br\/wp-content\/uploads\/2025\/06\/Formato-Site-e-Portal-860X645-JPG-2025-06-18T102903.615-768x576.jpg 768w\" sizes=\"(max-width: 860px) 100vw, 860px\" \/><\/figure>\n\n\n\n<p>A Prefeitura de Santa Rosa, por meio da Secretaria de Desenvolvimento Social e do Conselho Municipal de Assist\u00eancia Social, convida toda a comunidade para a 16\u00aa Confer\u00eancia Municipal de Assist\u00eancia Social, que ser\u00e1 realizada nos dias 1\u00ba e 2 de julho, no Audit\u00f3rio da Uniju\u00ed. O evento \u00e9 um espa\u00e7o democr\u00e1tico de escuta, avalia\u00e7\u00e3o e constru\u00e7\u00e3o coletiva das pol\u00edticas p\u00fablicas voltadas \u00e0 Assist\u00eancia Social no munic\u00edpio. A programa\u00e7\u00e3o inicia na ter\u00e7a-feira, 01\/07, \u00e0s 14h, e segue na quarta-feira, 02\/07, a partir das 9h.<\/p>\n\n\n\n<p>Neste ano, o tema central ser\u00e1: \u201c20 anos do SUAS: constru\u00e7\u00e3o, prote\u00e7\u00e3o social e resist\u00eancia\u201d, refor\u00e7ando a import\u00e2ncia do Sistema \u00danico de Assist\u00eancia Social (SUAS) e sua trajet\u00f3ria no fortalecimento da prote\u00e7\u00e3o social no Brasil. A presidente da 16\u00aa Confer\u00eancia e do Conselho Municipal de Assist\u00eancia Social, Deolmira Elizabeth Gay Girardi, destaca a import\u00e2ncia de momentos como esse, \u201cA participa\u00e7\u00e3o da comunidade \u00e9 essencial para o fortalecimento do SUAS e para garantir que os servi\u00e7os atendam \u00e0s reais necessidades da popula\u00e7\u00e3o. A confer\u00eancia \u00e9 um espa\u00e7o de escuta, avalia\u00e7\u00e3o e constru\u00e7\u00e3o coletiva das pol\u00edticas p\u00fablicas\u201d.<\/p>\n\n\n\n<p>Antecedendo o evento principal, est\u00e3o sendo realizadas as pr\u00e9-confer\u00eancias, com o objetivo de reunir diferentes segmentos para debater, propor e construir as diretrizes que ser\u00e3o levadas \u00e0 confer\u00eancia municipal. Nesta ter\u00e7a-feira (17), aconteceu o primeiro encontro com os trabalhadores do SUAS. Confira abaixo as demais reuni\u00f5es previstas.<\/p>\n\n\n\n<p>Confira o cronograma:<br>\u2022 18\/06 (quarta-feira) \u2013 F\u00f3rum dos Usu\u00e1rios e Pr\u00e9-confer\u00eancia, \u00e0s 14h, na FEMA<br>\u2022 24\/06 (ter\u00e7a-feira) \u2013 Pr\u00e9-confer\u00eancia das OSCs, \u00e0s 14h, no Liminha<\/p>\n","protected":false},"excerpt":{"rendered":"<p>A Prefeitura de Santa Rosa, por meio da Secretaria de Desenvolvimento Social e do Conselho Municipal de Assist\u00eancia Social, convida<\/p>\n","protected":false},"author":12,"featured_media":14300,"comment_status":"closed","ping_status":"closed","sticky":false,"template":"","format":"standard","meta":{"footnotes":""},"categories":[4,17],"tags":[],"class_list":["post-14298","post","type-post","status-publish","format-standard","has-post-thumbnail","hentry","category-noticias","category-secretaria-municipal-de-desenvolvimento-social"],"aioseo_notices":[],"_links":{"self":[{"href":"https:\/\/prefeitura.santarosa.rs.gov.br\/index.php?rest_route=\/wp\/v2\/posts\/14298","targetHints":{"allow":["GET"]}}],"collection":[{"href":"https:\/\/prefeitura.santarosa.rs.gov.br\/index.php?rest_route=\/wp\/v2\/posts"}],"about":[{"href":"https:\/\/prefeitura.santarosa.rs.gov.br\/index.php?rest_route=\/wp\/v2\/types\/post"}],"author":[{"embeddable":true,"href":"https:\/\/prefeitura.santarosa.rs.gov.br\/index.php?rest_route=\/wp\/v2\/users\/12"}],"replies":[{"embeddable":true,"href":"https:\/\/prefeitura.santarosa.rs.gov.br\/index.php?rest_route=%2Fwp%2Fv2%2Fcomments&post=14298"}],"version-history":[{"count":1,"href":"https:\/\/prefeitura.santarosa.rs.gov.br\/index.php?rest_route=\/wp\/v2\/posts\/14298\/revisions"}],"predecessor-version":[{"id":14301,"href":"https:\/\/prefeitura.santarosa.rs.gov.br\/index.php?rest_route=\/wp\/v2\/posts\/14298\/revisions\/14301"}],"wp:featuredmedia":[{"embeddable":true,"href":"https:\/\/prefeitura.santarosa.rs.gov.br\/index.php?rest_route=\/wp\/v2\/media\/14300"}],"wp:attachment":[{"href":"https:\/\/prefeitura.santarosa.rs.gov.br\/index.php?rest_route=%2Fwp%2Fv2%2Fmedia&parent=14298"}],"wp:term":[{"taxonomy":"category","embeddable":true,"href":"https:\/\/prefeitura.santarosa.rs.gov.br\/index.php?rest_route=%2Fwp%2Fv2%2Fcategories&post=14298"},{"taxonomy":"post_tag","embeddable":true,"href":"https:\/\/prefeitura.santarosa.rs.gov.br\/index.php?rest_route=%2Fwp%2Fv2%2Ftags&post=14298"}],"curies":[{"name":"wp","href":"https:\/\/api.w.org\/{rel}","templated":true}]}}