{"id":14280,"date":"2025-06-16T15:43:56","date_gmt":"2025-06-16T18:43:56","guid":{"rendered":"https:\/\/prefeitura.santarosa.rs.gov.br\/?p=14280"},"modified":"2025-06-16T15:43:56","modified_gmt":"2025-06-16T18:43:56","slug":"prefeitura-de-santa-rosa-recebe-r-1-milhao-para-ampliar-sistema-de-videomonitoramento-e-cercamento-eletronico","status":"publish","type":"post","link":"https:\/\/prefeitura.santarosa.rs.gov.br\/?p=14280","title":{"rendered":"Prefeitura de Santa Rosa recebe R$ 1 milh\u00e3o para ampliar sistema de videomonitoramento e cercamento eletr\u00f4nico"},"content":{"rendered":"\n<figure class=\"wp-block-image size-full\"><img fetchpriority=\"high\" decoding=\"async\" width=\"860\" height=\"645\" src=\"https:\/\/prefeitura.santarosa.rs.gov.br\/wp-content\/uploads\/2025\/06\/Formato-Site-e-Portal-860X645-JPG-2025-06-16T154147.466.jpg\" alt=\"\" class=\"wp-image-14281\" srcset=\"https:\/\/prefeitura.santarosa.rs.gov.br\/wp-content\/uploads\/2025\/06\/Formato-Site-e-Portal-860X645-JPG-2025-06-16T154147.466.jpg 860w, https:\/\/prefeitura.santarosa.rs.gov.br\/wp-content\/uploads\/2025\/06\/Formato-Site-e-Portal-860X645-JPG-2025-06-16T154147.466-300x225.jpg 300w, https:\/\/prefeitura.santarosa.rs.gov.br\/wp-content\/uploads\/2025\/06\/Formato-Site-e-Portal-860X645-JPG-2025-06-16T154147.466-768x576.jpg 768w\" sizes=\"(max-width: 860px) 100vw, 860px\" \/><\/figure>\n\n\n\n<p>Na manh\u00e3 desta segunda-feira (16), o Prefeito de Santa Rosa, Anderson Mantei, recebeu uma emenda parlamentar no valor de R$ 1 milh\u00e3o, destinada pelo Deputado Federal Ubiratan Sanderson. O recurso foi entregue no gabinete do prefeito pelo assessor do deputado, Coronel Ribas, e ser\u00e1 utilizado na amplia\u00e7\u00e3o do sistema de videomonitoramento e cercamento eletr\u00f4nico do munic\u00edpio.<\/p>\n\n\n\n<p>Atualmente, Santa Rosa conta com 26 c\u00e2meras de monitoramento e 8 pontos de cercamento eletr\u00f4nico. Com o novo investimento, ser\u00e1 implementado um projeto no valor total de R$ 1,9 milh\u00e3o, sendo R$ 1 milh\u00e3o oriundos da emenda e R$ 900 mil de contrapartida da Prefeitura. A iniciativa resultar\u00e1 na instala\u00e7\u00e3o de 198 c\u00e2meras de vigil\u00e2ncia e 16 pontos de cercamento eletr\u00f4nico, totalizando 238 novos equipamentos para a seguran\u00e7a p\u00fablica. O Prefeito Anderson Mantei destacou a import\u00e2ncia do investimento, \u201cEsse \u00e9 um passo fundamental para tornar Santa Rosa uma cidade ainda mais segura. Agradecemos ao Deputado Sanderson pelo apoio nesse grande projeto. A amplia\u00e7\u00e3o do sistema de monitoramento trar\u00e1 mais efici\u00eancia \u00e0s for\u00e7as de seguran\u00e7a e mais tranquilidade para os nossos cidad\u00e3os\u201d.<\/p>\n\n\n\n<p>Al\u00e9m das c\u00e2meras e dos novos pontos de cercamento, tamb\u00e9m ser\u00e3o instalados dois totens de Alarme de P\u00e2nico com c\u00e2meras integradas nos m\u00f3dulos da Brigada Militar. Esses dispositivos permitir\u00e3o acionar rapidamente os servi\u00e7os de emerg\u00eancia em situa\u00e7\u00f5es de perigo, contribuindo para respostas mais \u00e1geis e efetivas.<\/p>\n","protected":false},"excerpt":{"rendered":"<p>Na manh\u00e3 desta segunda-feira (16), o Prefeito de Santa Rosa, Anderson Mantei, recebeu uma emenda parlamentar no valor de R$<\/p>\n","protected":false},"author":12,"featured_media":14282,"comment_status":"closed","ping_status":"closed","sticky":false,"template":"","format":"standard","meta":{"footnotes":""},"categories":[4,3],"tags":[],"class_list":["post-14280","post","type-post","status-publish","format-standard","has-post-thumbnail","hentry","category-noticias","category-gabinete-do-prefeito"],"aioseo_notices":[],"_links":{"self":[{"href":"https:\/\/prefeitura.santarosa.rs.gov.br\/index.php?rest_route=\/wp\/v2\/posts\/14280","targetHints":{"allow":["GET"]}}],"collection":[{"href":"https:\/\/prefeitura.santarosa.rs.gov.br\/index.php?rest_route=\/wp\/v2\/posts"}],"about":[{"href":"https:\/\/prefeitura.santarosa.rs.gov.br\/index.php?rest_route=\/wp\/v2\/types\/post"}],"author":[{"embeddable":true,"href":"https:\/\/prefeitura.santarosa.rs.gov.br\/index.php?rest_route=\/wp\/v2\/users\/12"}],"replies":[{"embeddable":true,"href":"https:\/\/prefeitura.santarosa.rs.gov.br\/index.php?rest_route=%2Fwp%2Fv2%2Fcomments&post=14280"}],"version-history":[{"count":1,"href":"https:\/\/prefeitura.santarosa.rs.gov.br\/index.php?rest_route=\/wp\/v2\/posts\/14280\/revisions"}],"predecessor-version":[{"id":14283,"href":"https:\/\/prefeitura.santarosa.rs.gov.br\/index.php?rest_route=\/wp\/v2\/posts\/14280\/revisions\/14283"}],"wp:featuredmedia":[{"embeddable":true,"href":"https:\/\/prefeitura.santarosa.rs.gov.br\/index.php?rest_route=\/wp\/v2\/media\/14282"}],"wp:attachment":[{"href":"https:\/\/prefeitura.santarosa.rs.gov.br\/index.php?rest_route=%2Fwp%2Fv2%2Fmedia&parent=14280"}],"wp:term":[{"taxonomy":"category","embeddable":true,"href":"https:\/\/prefeitura.santarosa.rs.gov.br\/index.php?rest_route=%2Fwp%2Fv2%2Fcategories&post=14280"},{"taxonomy":"post_tag","embeddable":true,"href":"https:\/\/prefeitura.santarosa.rs.gov.br\/index.php?rest_route=%2Fwp%2Fv2%2Ftags&post=14280"}],"curies":[{"name":"wp","href":"https:\/\/api.w.org\/{rel}","templated":true}]}}