{"id":14275,"date":"2025-06-13T16:30:22","date_gmt":"2025-06-13T19:30:22","guid":{"rendered":"https:\/\/prefeitura.santarosa.rs.gov.br\/?p=14275"},"modified":"2025-06-13T16:30:22","modified_gmt":"2025-06-13T19:30:22","slug":"cuidado-que-acolhe-ubs-guia-lopes-fortalece-saude-com-grupos-de-gestantes-e-de-hipertensos-e-diabeticos","status":"publish","type":"post","link":"https:\/\/prefeitura.santarosa.rs.gov.br\/?p=14275","title":{"rendered":"Cuidado que acolhe: UBS Guia Lopes fortalece sa\u00fade com Grupos de Gestantes e de Hipertensos e Diab\u00e9ticos"},"content":{"rendered":"\n<figure class=\"wp-block-image size-full\"><img fetchpriority=\"high\" decoding=\"async\" width=\"860\" height=\"645\" src=\"https:\/\/prefeitura.santarosa.rs.gov.br\/wp-content\/uploads\/2025\/06\/Formato-Site-e-Portal-860X645-JPG-2025-06-13T162857.669.jpg\" alt=\"\" class=\"wp-image-14276\" srcset=\"https:\/\/prefeitura.santarosa.rs.gov.br\/wp-content\/uploads\/2025\/06\/Formato-Site-e-Portal-860X645-JPG-2025-06-13T162857.669.jpg 860w, https:\/\/prefeitura.santarosa.rs.gov.br\/wp-content\/uploads\/2025\/06\/Formato-Site-e-Portal-860X645-JPG-2025-06-13T162857.669-300x225.jpg 300w, https:\/\/prefeitura.santarosa.rs.gov.br\/wp-content\/uploads\/2025\/06\/Formato-Site-e-Portal-860X645-JPG-2025-06-13T162857.669-768x576.jpg 768w\" sizes=\"(max-width: 860px) 100vw, 860px\" \/><\/figure>\n\n\n\n<p>A Unidade B\u00e1sica de Sa\u00fade Guia Lopes, por meio da FUMSSAR, tem realizado diversas a\u00e7\u00f5es que promovem o cuidado integral e humanizado com a comunidade. Dois importantes grupos t\u00eam movimentado a UBS: o Grupo de Gestantes e o Grupo de Diab\u00e9ticos e Hipertensos, ambos com grande participa\u00e7\u00e3o e acolhimento por parte dos usu\u00e1rios.<\/p>\n\n\n\n<p>O Grupo de Gestantes tem sido um espa\u00e7o valioso de orienta\u00e7\u00e3o e apoio para futuras mam\u00e3es e papais. A cada encontro, s\u00e3o abordados temas como sa\u00fade materno-infantil, direitos da gestante, alimenta\u00e7\u00e3o, amamenta\u00e7\u00e3o, tipos de parto, cuidados com o beb\u00ea, primeiros socorros e sa\u00fade emocional. Al\u00e9m das informa\u00e7\u00f5es t\u00e9cnicas, o grupo promove rodas de conversa e din\u00e2micas que favorecem a troca de experi\u00eancias e o fortalecimento de v\u00ednculos entre os participantes. A coordenadora da UBS Guia Lopes, Marisa Hommerding, destaca a import\u00e2ncia da iniciativa, \u201cNosso objetivo \u00e9 oferecer um espa\u00e7o acolhedor, onde as gestantes se sintam seguras e bem-informadas. A participa\u00e7\u00e3o ativa e o envolvimento das fam\u00edlias mostram a import\u00e2ncia desse trabalho coletivo para um pr\u00e9-natal mais humanizado e eficaz\u201d.<\/p>\n\n\n\n<p>Outra a\u00e7\u00e3o que tem sido essencial para a promo\u00e7\u00e3o do autocuidado e do bem-estar, \u00e9 o Grupo de Diab\u00e9ticos e Hipertensos, realizado na primeira quinta-feira de cada m\u00eas. Os encontros envolvem orienta\u00e7\u00f5es sobre alimenta\u00e7\u00e3o saud\u00e1vel, uso correto de medicamentos, controle da press\u00e3o arterial e da glicemia, al\u00e9m de atividades que incentivam o conv\u00edvio e o apoio m\u00fatuo.<\/p>\n","protected":false},"excerpt":{"rendered":"<p>A Unidade B\u00e1sica de Sa\u00fade Guia Lopes, por meio da FUMSSAR, tem realizado diversas a\u00e7\u00f5es que promovem o cuidado integral<\/p>\n","protected":false},"author":12,"featured_media":14277,"comment_status":"closed","ping_status":"closed","sticky":false,"template":"","format":"standard","meta":{"footnotes":""},"categories":[4,8],"tags":[],"class_list":["post-14275","post","type-post","status-publish","format-standard","has-post-thumbnail","hentry","category-noticias","category-noticias-fumssar"],"aioseo_notices":[],"_links":{"self":[{"href":"https:\/\/prefeitura.santarosa.rs.gov.br\/index.php?rest_route=\/wp\/v2\/posts\/14275","targetHints":{"allow":["GET"]}}],"collection":[{"href":"https:\/\/prefeitura.santarosa.rs.gov.br\/index.php?rest_route=\/wp\/v2\/posts"}],"about":[{"href":"https:\/\/prefeitura.santarosa.rs.gov.br\/index.php?rest_route=\/wp\/v2\/types\/post"}],"author":[{"embeddable":true,"href":"https:\/\/prefeitura.santarosa.rs.gov.br\/index.php?rest_route=\/wp\/v2\/users\/12"}],"replies":[{"embeddable":true,"href":"https:\/\/prefeitura.santarosa.rs.gov.br\/index.php?rest_route=%2Fwp%2Fv2%2Fcomments&post=14275"}],"version-history":[{"count":1,"href":"https:\/\/prefeitura.santarosa.rs.gov.br\/index.php?rest_route=\/wp\/v2\/posts\/14275\/revisions"}],"predecessor-version":[{"id":14278,"href":"https:\/\/prefeitura.santarosa.rs.gov.br\/index.php?rest_route=\/wp\/v2\/posts\/14275\/revisions\/14278"}],"wp:featuredmedia":[{"embeddable":true,"href":"https:\/\/prefeitura.santarosa.rs.gov.br\/index.php?rest_route=\/wp\/v2\/media\/14277"}],"wp:attachment":[{"href":"https:\/\/prefeitura.santarosa.rs.gov.br\/index.php?rest_route=%2Fwp%2Fv2%2Fmedia&parent=14275"}],"wp:term":[{"taxonomy":"category","embeddable":true,"href":"https:\/\/prefeitura.santarosa.rs.gov.br\/index.php?rest_route=%2Fwp%2Fv2%2Fcategories&post=14275"},{"taxonomy":"post_tag","embeddable":true,"href":"https:\/\/prefeitura.santarosa.rs.gov.br\/index.php?rest_route=%2Fwp%2Fv2%2Ftags&post=14275"}],"curies":[{"name":"wp","href":"https:\/\/api.w.org\/{rel}","templated":true}]}}