{"id":14271,"date":"2025-06-13T16:18:11","date_gmt":"2025-06-13T19:18:11","guid":{"rendered":"https:\/\/prefeitura.santarosa.rs.gov.br\/?p=14271"},"modified":"2025-06-13T16:19:33","modified_gmt":"2025-06-13T19:19:33","slug":"acao-do-pse-sobre-higiene-bucal-e-realizada-na-emef-coronel-raul-oliveira","status":"publish","type":"post","link":"https:\/\/prefeitura.santarosa.rs.gov.br\/?p=14271","title":{"rendered":"A\u00e7\u00e3o do PSE sobre higiene bucal \u00e9 realizada na EMEF Coronel Raul Oliveira"},"content":{"rendered":"\n<figure class=\"wp-block-image size-full\"><img fetchpriority=\"high\" decoding=\"async\" width=\"860\" height=\"645\" src=\"https:\/\/prefeitura.santarosa.rs.gov.br\/wp-content\/uploads\/2025\/06\/Formato-Site-e-Portal-860X645-JPG-2025-06-13T161625.615.jpg\" alt=\"\" class=\"wp-image-14272\" srcset=\"https:\/\/prefeitura.santarosa.rs.gov.br\/wp-content\/uploads\/2025\/06\/Formato-Site-e-Portal-860X645-JPG-2025-06-13T161625.615.jpg 860w, https:\/\/prefeitura.santarosa.rs.gov.br\/wp-content\/uploads\/2025\/06\/Formato-Site-e-Portal-860X645-JPG-2025-06-13T161625.615-300x225.jpg 300w, https:\/\/prefeitura.santarosa.rs.gov.br\/wp-content\/uploads\/2025\/06\/Formato-Site-e-Portal-860X645-JPG-2025-06-13T161625.615-768x576.jpg 768w\" sizes=\"(max-width: 860px) 100vw, 860px\" \/><\/figure>\n\n\n\n<p>Nesta semana, foi realizada mais uma a\u00e7\u00e3o do Programa Sa\u00fade na Escola (PSE), na EMEF C\u00edvico-Militar Coronel Raul Oliveira. Profissionais de sa\u00fade da FUMSSAR, que atuam na Unidade B\u00e1sica de Sa\u00fade Cruzeiro do Sul, falaram sobre a import\u00e2ncia da higiene bucal. A atividade envolveu alunos do 1\u00ba ao 5\u00ba ano, com idades entre 6 e 12 anos.<\/p>\n\n\n\n<p>Durante a a\u00e7\u00e3o, os estudantes aprenderam sobre a t\u00e9cnica correta de escova\u00e7\u00e3o dental. A dentista Sibele Argenta que coordenou a atividade, convidou os alunos a mostrarem como escovam os dentes em casa. Ap\u00f3s a demonstra\u00e7\u00e3o, foi realizada a avalia\u00e7\u00e3o bucal de todos os estudantes. Aqueles que apresentaram necessidade de atendimento odontol\u00f3gico receberam um aviso para que os pais fa\u00e7am o agendamento na UBS, \u201cA escova\u00e7\u00e3o correta \u00e9 fundamental na preven\u00e7\u00e3o de doen\u00e7as bucais, e esse contato direto com os alunos \u00e9 uma oportunidade de refor\u00e7ar esses cuidados desde a inf\u00e2ncia\u201d, destacou a dentista.<\/p>\n\n\n\n<p>Cada aluno recebeu uma escova dental, como forma de incentivo \u00e0 pr\u00e1tica cont\u00ednua da higiene bucal. Tamb\u00e9m participaram da a\u00e7\u00e3o uma auxiliar de sa\u00fade bucal e duas agentes comunit\u00e1rias de sa\u00fade.<\/p>\n\n\n\n<p><\/p>\n","protected":false},"excerpt":{"rendered":"<p>Nesta semana, foi realizada mais uma a\u00e7\u00e3o do Programa Sa\u00fade na Escola (PSE), na EMEF C\u00edvico-Militar Coronel Raul Oliveira. Profissionais<\/p>\n","protected":false},"author":12,"featured_media":14274,"comment_status":"closed","ping_status":"closed","sticky":false,"template":"","format":"standard","meta":{"footnotes":""},"categories":[4,8,18],"tags":[],"class_list":["post-14271","post","type-post","status-publish","format-standard","has-post-thumbnail","hentry","category-noticias","category-noticias-fumssar","category-secretaria-municipal-de-educacao-e-cultura"],"aioseo_notices":[],"_links":{"self":[{"href":"https:\/\/prefeitura.santarosa.rs.gov.br\/index.php?rest_route=\/wp\/v2\/posts\/14271","targetHints":{"allow":["GET"]}}],"collection":[{"href":"https:\/\/prefeitura.santarosa.rs.gov.br\/index.php?rest_route=\/wp\/v2\/posts"}],"about":[{"href":"https:\/\/prefeitura.santarosa.rs.gov.br\/index.php?rest_route=\/wp\/v2\/types\/post"}],"author":[{"embeddable":true,"href":"https:\/\/prefeitura.santarosa.rs.gov.br\/index.php?rest_route=\/wp\/v2\/users\/12"}],"replies":[{"embeddable":true,"href":"https:\/\/prefeitura.santarosa.rs.gov.br\/index.php?rest_route=%2Fwp%2Fv2%2Fcomments&post=14271"}],"version-history":[{"count":1,"href":"https:\/\/prefeitura.santarosa.rs.gov.br\/index.php?rest_route=\/wp\/v2\/posts\/14271\/revisions"}],"predecessor-version":[{"id":14273,"href":"https:\/\/prefeitura.santarosa.rs.gov.br\/index.php?rest_route=\/wp\/v2\/posts\/14271\/revisions\/14273"}],"wp:featuredmedia":[{"embeddable":true,"href":"https:\/\/prefeitura.santarosa.rs.gov.br\/index.php?rest_route=\/wp\/v2\/media\/14274"}],"wp:attachment":[{"href":"https:\/\/prefeitura.santarosa.rs.gov.br\/index.php?rest_route=%2Fwp%2Fv2%2Fmedia&parent=14271"}],"wp:term":[{"taxonomy":"category","embeddable":true,"href":"https:\/\/prefeitura.santarosa.rs.gov.br\/index.php?rest_route=%2Fwp%2Fv2%2Fcategories&post=14271"},{"taxonomy":"post_tag","embeddable":true,"href":"https:\/\/prefeitura.santarosa.rs.gov.br\/index.php?rest_route=%2Fwp%2Fv2%2Ftags&post=14271"}],"curies":[{"name":"wp","href":"https:\/\/api.w.org\/{rel}","templated":true}]}}