{"id":14267,"date":"2025-06-13T14:27:30","date_gmt":"2025-06-13T17:27:30","guid":{"rendered":"https:\/\/prefeitura.santarosa.rs.gov.br\/?p=14267"},"modified":"2025-06-13T14:27:31","modified_gmt":"2025-06-13T17:27:31","slug":"semear-agro-hub-foi-lancado-oficialmente-nesta-sexta-feira-em-santa-rosa","status":"publish","type":"post","link":"https:\/\/prefeitura.santarosa.rs.gov.br\/?p=14267","title":{"rendered":"Semear Agro Hub foi lan\u00e7ado oficialmente nesta sexta-feira em Santa Rosa"},"content":{"rendered":"\n<figure class=\"wp-block-image size-full\"><img fetchpriority=\"high\" decoding=\"async\" width=\"860\" height=\"645\" src=\"https:\/\/prefeitura.santarosa.rs.gov.br\/wp-content\/uploads\/2025\/06\/Formato-Site-e-Portal-860X645-JPG-2025-06-13T141820.298.jpg\" alt=\"\" class=\"wp-image-14268\" srcset=\"https:\/\/prefeitura.santarosa.rs.gov.br\/wp-content\/uploads\/2025\/06\/Formato-Site-e-Portal-860X645-JPG-2025-06-13T141820.298.jpg 860w, https:\/\/prefeitura.santarosa.rs.gov.br\/wp-content\/uploads\/2025\/06\/Formato-Site-e-Portal-860X645-JPG-2025-06-13T141820.298-300x225.jpg 300w, https:\/\/prefeitura.santarosa.rs.gov.br\/wp-content\/uploads\/2025\/06\/Formato-Site-e-Portal-860X645-JPG-2025-06-13T141820.298-768x576.jpg 768w\" sizes=\"(max-width: 860px) 100vw, 860px\" \/><\/figure>\n\n\n\n<p>O centro de inova\u00e7\u00e3o e tecnologia Semear Agro Hub foi inaugurado nesta sexta-feira (13), em Santa Rosa. O lan\u00e7amento aconteceu durante uma cerim\u00f4nia no Imigrantes Hotel que contou com a presen\u00e7a de diversas autoridades. Na oportunidade, foi realizada a demonstra\u00e7\u00e3o da marca, assinatura do decreto de abertura do hub e do contrato de loca\u00e7\u00e3o com a Uniju\u00ed, do local onde ser\u00e1 instalado o polo de pesquisa e tecnologia.<\/p>\n\n\n\n<p>Criado a partir de uma parceria entre a Prefeitura e o Tecnopuc \u2013 Parque Cient\u00edfico e Tecnol\u00f3gico da Pontif\u00edcia Universidade Cat\u00f3lica do RS (PUCRS), o hub foi estruturado por meio de uma metodologia pautada pela cocria\u00e7\u00e3o. Um dos principais objetivos \u00e9 reter e atrair talentos, impulsionar o crescimento de novas ideias e neg\u00f3cios, fomentar a cultura de inova\u00e7\u00e3o e desenvolver novas tecnologias. O projeto ir\u00e1 contar com representantes de empresas, governos, universidades e sociedade civil. O Prefeito Anderson Mantei destacou a relev\u00e2ncia da iniciativa para o munic\u00edpio, \u201cO in\u00edcio do polo de pesquisa e tecnologia \u00e9 um dos passos mais importantes dos nossos oito anos de governo. O Semear Agro Hub surge em nossa cidade com o prop\u00f3sito de impulsionar a inova\u00e7\u00e3o, a sustentabilidade e o empreendedorismo no agroneg\u00f3cio\u201d.<\/p>\n\n\n\n<p>Durante o desenvolvimento do projeto, workshops comandados pelo Tecnopuc, por meio do Crialab e do Celeiro AgFood Hub, ajudaram a definir o prop\u00f3sito da exist\u00eancia do Semear. Com essas bases, o hub concentrar\u00e1 projetos focados em temas como intelig\u00eancia artificial (IA) e internet das coisas (IoT), para aplica\u00e7\u00e3o no campo, seja no setor metalmec\u00e2nico ou outros, como os de prote\u00edna animal ou vegetal, que tamb\u00e9m contam com grandes empresas que os representam. O reitor da PUCRS, Irm\u00e3o Manuir Mentges, esteve presente na cerim\u00f4nia e destacou a import\u00e2ncia da parceria para o futuro da regi\u00e3o, \u201c\u00c9 uma iniciativa fundamental para planejarmos o futuro com resili\u00eancia e colabora\u00e7\u00e3o\u201d.<\/p>\n\n\n\n<p>O Deputado Federal Osmar Terra, grande idealizador do projeto, prestigiou o lan\u00e7amento e garantiu que ir\u00e1 trabalhar para conseguir recursos para a manuten\u00e7\u00e3o do hub.<\/p>\n\n\n\n<p>Sicredi, Alibem, AGCO, John Deere, Stara e Camera, s\u00e3o algumas das empresas parceiras que far\u00e3o parte do Semear Agro Hub. As a\u00e7\u00f5es ser\u00e3o coordenadas pela Secretaria de Desenvolvimento Econ\u00f4mico, Turismo e Tecnologia<\/p>\n","protected":false},"excerpt":{"rendered":"<p>O centro de inova\u00e7\u00e3o e tecnologia Semear Agro Hub foi inaugurado nesta sexta-feira (13), em Santa Rosa. O lan\u00e7amento aconteceu<\/p>\n","protected":false},"author":12,"featured_media":14269,"comment_status":"closed","ping_status":"closed","sticky":false,"template":"","format":"standard","meta":{"footnotes":""},"categories":[4,16],"tags":[],"class_list":["post-14267","post","type-post","status-publish","format-standard","has-post-thumbnail","hentry","category-noticias","category-secretaria-municipal-de-desenvolvimento-economico-turismo-e-tecnologia"],"aioseo_notices":[],"_links":{"self":[{"href":"https:\/\/prefeitura.santarosa.rs.gov.br\/index.php?rest_route=\/wp\/v2\/posts\/14267","targetHints":{"allow":["GET"]}}],"collection":[{"href":"https:\/\/prefeitura.santarosa.rs.gov.br\/index.php?rest_route=\/wp\/v2\/posts"}],"about":[{"href":"https:\/\/prefeitura.santarosa.rs.gov.br\/index.php?rest_route=\/wp\/v2\/types\/post"}],"author":[{"embeddable":true,"href":"https:\/\/prefeitura.santarosa.rs.gov.br\/index.php?rest_route=\/wp\/v2\/users\/12"}],"replies":[{"embeddable":true,"href":"https:\/\/prefeitura.santarosa.rs.gov.br\/index.php?rest_route=%2Fwp%2Fv2%2Fcomments&post=14267"}],"version-history":[{"count":1,"href":"https:\/\/prefeitura.santarosa.rs.gov.br\/index.php?rest_route=\/wp\/v2\/posts\/14267\/revisions"}],"predecessor-version":[{"id":14270,"href":"https:\/\/prefeitura.santarosa.rs.gov.br\/index.php?rest_route=\/wp\/v2\/posts\/14267\/revisions\/14270"}],"wp:featuredmedia":[{"embeddable":true,"href":"https:\/\/prefeitura.santarosa.rs.gov.br\/index.php?rest_route=\/wp\/v2\/media\/14269"}],"wp:attachment":[{"href":"https:\/\/prefeitura.santarosa.rs.gov.br\/index.php?rest_route=%2Fwp%2Fv2%2Fmedia&parent=14267"}],"wp:term":[{"taxonomy":"category","embeddable":true,"href":"https:\/\/prefeitura.santarosa.rs.gov.br\/index.php?rest_route=%2Fwp%2Fv2%2Fcategories&post=14267"},{"taxonomy":"post_tag","embeddable":true,"href":"https:\/\/prefeitura.santarosa.rs.gov.br\/index.php?rest_route=%2Fwp%2Fv2%2Ftags&post=14267"}],"curies":[{"name":"wp","href":"https:\/\/api.w.org\/{rel}","templated":true}]}}