{"id":14261,"date":"2025-06-12T14:58:54","date_gmt":"2025-06-12T17:58:54","guid":{"rendered":"https:\/\/prefeitura.santarosa.rs.gov.br\/?p=14261"},"modified":"2025-06-12T14:58:54","modified_gmt":"2025-06-12T17:58:54","slug":"prefeitura-amplia-vagas-do-projeto-jiu-jitsu-nas-escolas","status":"publish","type":"post","link":"https:\/\/prefeitura.santarosa.rs.gov.br\/?p=14261","title":{"rendered":"Prefeitura amplia vagas do projeto Jiu-Jitsu nas Escolas"},"content":{"rendered":"\n<figure class=\"wp-block-image size-full\"><img fetchpriority=\"high\" decoding=\"async\" width=\"860\" height=\"645\" src=\"https:\/\/prefeitura.santarosa.rs.gov.br\/wp-content\/uploads\/2025\/06\/Formato-Site-e-Portal-860X645-JPG-2025-06-12T145701.120.jpg\" alt=\"\" class=\"wp-image-14262\" srcset=\"https:\/\/prefeitura.santarosa.rs.gov.br\/wp-content\/uploads\/2025\/06\/Formato-Site-e-Portal-860X645-JPG-2025-06-12T145701.120.jpg 860w, https:\/\/prefeitura.santarosa.rs.gov.br\/wp-content\/uploads\/2025\/06\/Formato-Site-e-Portal-860X645-JPG-2025-06-12T145701.120-300x225.jpg 300w, https:\/\/prefeitura.santarosa.rs.gov.br\/wp-content\/uploads\/2025\/06\/Formato-Site-e-Portal-860X645-JPG-2025-06-12T145701.120-768x576.jpg 768w\" sizes=\"(max-width: 860px) 100vw, 860px\" \/><\/figure>\n\n\n\n<p>O Projeto Jiu-Jitsu nas Escolas, que tem se destacado na promo\u00e7\u00e3o de atividades esportivas e educacionais, foi ampliado pela Prefeitura de Santa Rosa. Mais 60 vagas foram disponibilizadas para novos alunos, 30 na EMEF Duque de Caxias e 30 na EMEF Nossa Senhora de F\u00e1tima. Com essa expans\u00e3o, o projeto agora conta com um total de 300 vagas, atendendo estudantes de diversas institui\u00e7\u00f5es da Rede Municipal de Ensino, sempre no contraturno escolar.<\/p>\n\n\n\n<p>A iniciativa tem sido um verdadeiro sucesso, atraindo a aten\u00e7\u00e3o dos jovens e das fam\u00edlias. O Secret\u00e1rio de Esporte, Cauh\u00e3 Pereira da Silva, destaca que a modalidade vai al\u00e9m da pr\u00e1tica esportiva, \u201cO jiu-jitsu tem um papel transformador. Ele promove disciplina, respeito m\u00fatuo e responsabilidade entre os alunos. \u00c9 uma ferramenta poderosa de inclus\u00e3o e desenvolvimento social dentro da escola\u201d.<\/p>\n\n\n\n<p>O jiu-jitsu tem atra\u00eddo muitos atletas nos \u00faltimos anos. Recentemente, foi realizada em Santa Rosa a 6\u00aa edi\u00e7\u00e3o do Campeonato Sul Noroeste de Jiu-Jitsu, no Gin\u00e1sio Pedro Deon. O evento reuniu mais de 600 pessoas e contou com a participa\u00e7\u00e3o de 200 atletas de todo o Estado, demonstrando a for\u00e7a e a popularidade do jiu-jitsu na regi\u00e3o.<\/p>\n\n\n\n<p>O Jiu-Jitsu nas Escolas \u00e9 resultado de uma parceria entre a Escola de Jiu-Jitsu South School e a Prefeitura de Santa Rosa. Cerca de R$ 100 mil est\u00e3o sendo investidos na iniciativa. A coordena\u00e7\u00e3o do projeto planeja, para setembro de 2025, a realiza\u00e7\u00e3o do I Campeonato Estudantil de Jiu-Jitsu (NO-GI), que reunir\u00e1 todos os estudantes participantes do programa.<\/p>\n","protected":false},"excerpt":{"rendered":"<p>O Projeto Jiu-Jitsu nas Escolas, que tem se destacado na promo\u00e7\u00e3o de atividades esportivas e educacionais, foi ampliado pela Prefeitura<\/p>\n","protected":false},"author":12,"featured_media":14263,"comment_status":"closed","ping_status":"closed","sticky":false,"template":"","format":"standard","meta":{"footnotes":""},"categories":[4,19],"tags":[],"class_list":["post-14261","post","type-post","status-publish","format-standard","has-post-thumbnail","hentry","category-noticias","category-secretaria-municipal-de-esporte"],"aioseo_notices":[],"_links":{"self":[{"href":"https:\/\/prefeitura.santarosa.rs.gov.br\/index.php?rest_route=\/wp\/v2\/posts\/14261","targetHints":{"allow":["GET"]}}],"collection":[{"href":"https:\/\/prefeitura.santarosa.rs.gov.br\/index.php?rest_route=\/wp\/v2\/posts"}],"about":[{"href":"https:\/\/prefeitura.santarosa.rs.gov.br\/index.php?rest_route=\/wp\/v2\/types\/post"}],"author":[{"embeddable":true,"href":"https:\/\/prefeitura.santarosa.rs.gov.br\/index.php?rest_route=\/wp\/v2\/users\/12"}],"replies":[{"embeddable":true,"href":"https:\/\/prefeitura.santarosa.rs.gov.br\/index.php?rest_route=%2Fwp%2Fv2%2Fcomments&post=14261"}],"version-history":[{"count":1,"href":"https:\/\/prefeitura.santarosa.rs.gov.br\/index.php?rest_route=\/wp\/v2\/posts\/14261\/revisions"}],"predecessor-version":[{"id":14264,"href":"https:\/\/prefeitura.santarosa.rs.gov.br\/index.php?rest_route=\/wp\/v2\/posts\/14261\/revisions\/14264"}],"wp:featuredmedia":[{"embeddable":true,"href":"https:\/\/prefeitura.santarosa.rs.gov.br\/index.php?rest_route=\/wp\/v2\/media\/14263"}],"wp:attachment":[{"href":"https:\/\/prefeitura.santarosa.rs.gov.br\/index.php?rest_route=%2Fwp%2Fv2%2Fmedia&parent=14261"}],"wp:term":[{"taxonomy":"category","embeddable":true,"href":"https:\/\/prefeitura.santarosa.rs.gov.br\/index.php?rest_route=%2Fwp%2Fv2%2Fcategories&post=14261"},{"taxonomy":"post_tag","embeddable":true,"href":"https:\/\/prefeitura.santarosa.rs.gov.br\/index.php?rest_route=%2Fwp%2Fv2%2Ftags&post=14261"}],"curies":[{"name":"wp","href":"https:\/\/api.w.org\/{rel}","templated":true}]}}