{"id":14257,"date":"2025-06-12T14:51:18","date_gmt":"2025-06-12T17:51:18","guid":{"rendered":"https:\/\/prefeitura.santarosa.rs.gov.br\/?p=14257"},"modified":"2025-06-12T14:51:19","modified_gmt":"2025-06-12T17:51:19","slug":"prefeitura-ira-promover-acao-de-conscientizacao-e-combate-da-violencia-contra-a-pessoa-idosa","status":"publish","type":"post","link":"https:\/\/prefeitura.santarosa.rs.gov.br\/?p=14257","title":{"rendered":"Prefeitura ir\u00e1 promover a\u00e7\u00e3o de conscientiza\u00e7\u00e3o e combate da viol\u00eancia contra a pessoa idosa"},"content":{"rendered":"\n<figure class=\"wp-block-image size-full\"><img fetchpriority=\"high\" decoding=\"async\" width=\"860\" height=\"645\" src=\"https:\/\/prefeitura.santarosa.rs.gov.br\/wp-content\/uploads\/2025\/06\/Formato-Site-e-Portal-860X645-JPG-2025-06-12T144805.425.jpg\" alt=\"\" class=\"wp-image-14258\" srcset=\"https:\/\/prefeitura.santarosa.rs.gov.br\/wp-content\/uploads\/2025\/06\/Formato-Site-e-Portal-860X645-JPG-2025-06-12T144805.425.jpg 860w, https:\/\/prefeitura.santarosa.rs.gov.br\/wp-content\/uploads\/2025\/06\/Formato-Site-e-Portal-860X645-JPG-2025-06-12T144805.425-300x225.jpg 300w, https:\/\/prefeitura.santarosa.rs.gov.br\/wp-content\/uploads\/2025\/06\/Formato-Site-e-Portal-860X645-JPG-2025-06-12T144805.425-768x576.jpg 768w\" sizes=\"(max-width: 860px) 100vw, 860px\" \/><\/figure>\n\n\n\n<p>A Prefeitura de Santa Rosa, por meio da Secretaria de Desenvolvimento Social e do Conselho Municipal dos Direitos do Idoso (CMDI), est\u00e1 promovendo um evento especial em alus\u00e3o ao Junho Violeta &#8211; m\u00eas dedicado \u00e0 conscientiza\u00e7\u00e3o e ao combate \u00e0 viol\u00eancia contra a pessoa idosa. A atividade ser\u00e1 realizada no domingo, 15 de junho, a partir das 14h, no Parque de Exposi\u00e7\u00f5es.<\/p>\n\n\n\n<p>A programa\u00e7\u00e3o do evento inclui apresenta\u00e7\u00e3o de dados sobre a viol\u00eancia contra idosos, reuni\u00e3o do CMDI, apresenta\u00e7\u00f5es de dan\u00e7a, jogos de c\u00e2mbio, mostra de trabalhos dos idosos e participa\u00e7\u00e3o da economia solid\u00e1ria. A iniciativa busca envolver a comunidade na promo\u00e7\u00e3o do respeito e da valoriza\u00e7\u00e3o da pessoa idosa. O gerente de pol\u00edtica para os idosos, Fernando Fonseca, destaca a import\u00e2ncia da campanha, \u201c\u00c9 importante falarmos sobre esse assunto com a popula\u00e7\u00e3o. Precisamos cuidar e valorizar nossos idosos\u201d.<\/p>\n\n\n\n<p>O Junho Violeta \u00e9 uma campanha internacional que visa sensibilizar a popula\u00e7\u00e3o sobre os diversos tipos de viol\u00eancia que afetam os idosos. O Dia Mundial de Conscientiza\u00e7\u00e3o da Viol\u00eancia contra a Pessoa Idosa, celebrado em 15 de junho, foi institu\u00eddo em 2006 pela Organiza\u00e7\u00e3o das Na\u00e7\u00f5es Unidas (ONU) e pela Rede Internacional de Preven\u00e7\u00e3o \u00e0 Viol\u00eancia contra a Pessoa Idosa. A data tem como objetivo promover uma cultura de respeito, dignidade e prote\u00e7\u00e3o para essa popula\u00e7\u00e3o.<\/p>\n\n\n\n<p>A a\u00e7\u00e3o conta com o apoio do Centro de Conviv\u00eancia dos Idosos, CASF, ASSCAM, Centro de Esporte e Cidadania, APADEV e demais institui\u00e7\u00f5es parceiras.<\/p>\n","protected":false},"excerpt":{"rendered":"<p>A Prefeitura de Santa Rosa, por meio da Secretaria de Desenvolvimento Social e do Conselho Municipal dos Direitos do Idoso<\/p>\n","protected":false},"author":12,"featured_media":14259,"comment_status":"closed","ping_status":"closed","sticky":false,"template":"","format":"standard","meta":{"footnotes":""},"categories":[4,17],"tags":[],"class_list":["post-14257","post","type-post","status-publish","format-standard","has-post-thumbnail","hentry","category-noticias","category-secretaria-municipal-de-desenvolvimento-social"],"aioseo_notices":[],"_links":{"self":[{"href":"https:\/\/prefeitura.santarosa.rs.gov.br\/index.php?rest_route=\/wp\/v2\/posts\/14257","targetHints":{"allow":["GET"]}}],"collection":[{"href":"https:\/\/prefeitura.santarosa.rs.gov.br\/index.php?rest_route=\/wp\/v2\/posts"}],"about":[{"href":"https:\/\/prefeitura.santarosa.rs.gov.br\/index.php?rest_route=\/wp\/v2\/types\/post"}],"author":[{"embeddable":true,"href":"https:\/\/prefeitura.santarosa.rs.gov.br\/index.php?rest_route=\/wp\/v2\/users\/12"}],"replies":[{"embeddable":true,"href":"https:\/\/prefeitura.santarosa.rs.gov.br\/index.php?rest_route=%2Fwp%2Fv2%2Fcomments&post=14257"}],"version-history":[{"count":1,"href":"https:\/\/prefeitura.santarosa.rs.gov.br\/index.php?rest_route=\/wp\/v2\/posts\/14257\/revisions"}],"predecessor-version":[{"id":14260,"href":"https:\/\/prefeitura.santarosa.rs.gov.br\/index.php?rest_route=\/wp\/v2\/posts\/14257\/revisions\/14260"}],"wp:featuredmedia":[{"embeddable":true,"href":"https:\/\/prefeitura.santarosa.rs.gov.br\/index.php?rest_route=\/wp\/v2\/media\/14259"}],"wp:attachment":[{"href":"https:\/\/prefeitura.santarosa.rs.gov.br\/index.php?rest_route=%2Fwp%2Fv2%2Fmedia&parent=14257"}],"wp:term":[{"taxonomy":"category","embeddable":true,"href":"https:\/\/prefeitura.santarosa.rs.gov.br\/index.php?rest_route=%2Fwp%2Fv2%2Fcategories&post=14257"},{"taxonomy":"post_tag","embeddable":true,"href":"https:\/\/prefeitura.santarosa.rs.gov.br\/index.php?rest_route=%2Fwp%2Fv2%2Ftags&post=14257"}],"curies":[{"name":"wp","href":"https:\/\/api.w.org\/{rel}","templated":true}]}}