{"id":14243,"date":"2025-06-11T09:29:35","date_gmt":"2025-06-11T12:29:35","guid":{"rendered":"https:\/\/prefeitura.santarosa.rs.gov.br\/?p=14243"},"modified":"2025-06-11T09:29:35","modified_gmt":"2025-06-11T12:29:35","slug":"fumssar-amplia-cuidados-em-saude-mental-com-grupo-de-orientacao-parental-no-caps-infantojuvenil-de-santa-rosa","status":"publish","type":"post","link":"https:\/\/prefeitura.santarosa.rs.gov.br\/?p=14243","title":{"rendered":"FUMSSAR amplia cuidados em sa\u00fade mental com Grupo de Orienta\u00e7\u00e3o Parental no CAPS Infantojuvenil de Santa Rosa"},"content":{"rendered":"\n<figure class=\"wp-block-image size-full\"><img fetchpriority=\"high\" decoding=\"async\" width=\"860\" height=\"645\" src=\"https:\/\/prefeitura.santarosa.rs.gov.br\/wp-content\/uploads\/2025\/06\/Formato-Site-e-Portal-860X645-JPG-2025-06-11T092804.265.jpg\" alt=\"\" class=\"wp-image-14244\" srcset=\"https:\/\/prefeitura.santarosa.rs.gov.br\/wp-content\/uploads\/2025\/06\/Formato-Site-e-Portal-860X645-JPG-2025-06-11T092804.265.jpg 860w, https:\/\/prefeitura.santarosa.rs.gov.br\/wp-content\/uploads\/2025\/06\/Formato-Site-e-Portal-860X645-JPG-2025-06-11T092804.265-300x225.jpg 300w, https:\/\/prefeitura.santarosa.rs.gov.br\/wp-content\/uploads\/2025\/06\/Formato-Site-e-Portal-860X645-JPG-2025-06-11T092804.265-768x576.jpg 768w\" sizes=\"(max-width: 860px) 100vw, 860px\" \/><\/figure>\n\n\n\n<p>Com o crescente n\u00famero de diagn\u00f3sticos relacionados ao estresse, ansiedade e depress\u00e3o, os servi\u00e7os da Rede de Aten\u00e7\u00e3o Psicossocial (RAPS) de Santa Rosa, coordenados pela Funda\u00e7\u00e3o Municipal de Sa\u00fade (FUMSSAR), t\u00eam intensificado suas a\u00e7\u00f5es voltadas ao cuidado integral em sa\u00fade mental. Al\u00e9m dos atendimentos individuais, grupos terap\u00eauticos, oficinas e pr\u00e1ticas integrativas j\u00e1 ofertadas nos CAPS Novo Rumo e CAPS AD Movimento, iniciou tamb\u00e9m no munic\u00edpio uma nova iniciativa: o Grupo de Orienta\u00e7\u00e3o Parental, desenvolvido no CAPS Infantojuvenil (CAPS IJ).<\/p>\n\n\n\n<p>O grupo tem como principal objetivo oferecer suporte emocional, educacional e pr\u00e1tico para as fam\u00edlias de crian\u00e7as e adolescentes em acompanhamento na unidade. A iniciativa oferece um espa\u00e7o de escuta e troca, onde pais, m\u00e3es, cuidadores e respons\u00e1veis legais podem compartilhar experi\u00eancias e aprender em conjunto. A a\u00e7\u00e3o conta com o apoio de uma equipe multidisciplinar composta por psic\u00f3logos, assistentes sociais, t\u00e9cnicos de enfermagem, oficineiras e demais profissionais da sa\u00fade mental. A Gerente da Rede de Aten\u00e7\u00e3o Psicossocial &#8211; RAPS, Fl\u00e1via Albuquerque, destaca a import\u00e2ncia da iniciativa, \u201cEste \u00e9 um trabalho muito importante e que preconiza o cuidado no territ\u00f3rio, em comunidade e junto com as fam\u00edlias. O Grupo de Orienta\u00e7\u00e3o Parental representa um passo essencial na constru\u00e7\u00e3o de um ambiente familiar mais harm\u00f4nico e acolhedor para nossas crian\u00e7as e jovens\u201d.<\/p>\n\n\n\n<p>Durante os encontros, s\u00e3o abordados temas como estrat\u00e9gias de manejo comportamental, compreens\u00e3o dos transtornos mentais, comunica\u00e7\u00e3o assertiva e fortalecimento dos v\u00ednculos familiares. Al\u00e9m de promover o desenvolvimento saud\u00e1vel das crian\u00e7as, a proposta tamb\u00e9m contribui para a redu\u00e7\u00e3o do estigma e do sentimento de isolamento que muitas fam\u00edlias enfrentam ao lidar com essas quest\u00f5es.<\/p>\n","protected":false},"excerpt":{"rendered":"<p>Com o crescente n\u00famero de diagn\u00f3sticos relacionados ao estresse, ansiedade e depress\u00e3o, os servi\u00e7os da Rede de Aten\u00e7\u00e3o Psicossocial (RAPS)<\/p>\n","protected":false},"author":12,"featured_media":14245,"comment_status":"closed","ping_status":"closed","sticky":false,"template":"","format":"standard","meta":{"footnotes":""},"categories":[4,8],"tags":[],"class_list":["post-14243","post","type-post","status-publish","format-standard","has-post-thumbnail","hentry","category-noticias","category-noticias-fumssar"],"aioseo_notices":[],"_links":{"self":[{"href":"https:\/\/prefeitura.santarosa.rs.gov.br\/index.php?rest_route=\/wp\/v2\/posts\/14243","targetHints":{"allow":["GET"]}}],"collection":[{"href":"https:\/\/prefeitura.santarosa.rs.gov.br\/index.php?rest_route=\/wp\/v2\/posts"}],"about":[{"href":"https:\/\/prefeitura.santarosa.rs.gov.br\/index.php?rest_route=\/wp\/v2\/types\/post"}],"author":[{"embeddable":true,"href":"https:\/\/prefeitura.santarosa.rs.gov.br\/index.php?rest_route=\/wp\/v2\/users\/12"}],"replies":[{"embeddable":true,"href":"https:\/\/prefeitura.santarosa.rs.gov.br\/index.php?rest_route=%2Fwp%2Fv2%2Fcomments&post=14243"}],"version-history":[{"count":1,"href":"https:\/\/prefeitura.santarosa.rs.gov.br\/index.php?rest_route=\/wp\/v2\/posts\/14243\/revisions"}],"predecessor-version":[{"id":14246,"href":"https:\/\/prefeitura.santarosa.rs.gov.br\/index.php?rest_route=\/wp\/v2\/posts\/14243\/revisions\/14246"}],"wp:featuredmedia":[{"embeddable":true,"href":"https:\/\/prefeitura.santarosa.rs.gov.br\/index.php?rest_route=\/wp\/v2\/media\/14245"}],"wp:attachment":[{"href":"https:\/\/prefeitura.santarosa.rs.gov.br\/index.php?rest_route=%2Fwp%2Fv2%2Fmedia&parent=14243"}],"wp:term":[{"taxonomy":"category","embeddable":true,"href":"https:\/\/prefeitura.santarosa.rs.gov.br\/index.php?rest_route=%2Fwp%2Fv2%2Fcategories&post=14243"},{"taxonomy":"post_tag","embeddable":true,"href":"https:\/\/prefeitura.santarosa.rs.gov.br\/index.php?rest_route=%2Fwp%2Fv2%2Ftags&post=14243"}],"curies":[{"name":"wp","href":"https:\/\/api.w.org\/{rel}","templated":true}]}}