{"id":14239,"date":"2025-06-11T07:58:41","date_gmt":"2025-06-11T10:58:41","guid":{"rendered":"https:\/\/prefeitura.santarosa.rs.gov.br\/?p=14239"},"modified":"2025-06-11T07:58:41","modified_gmt":"2025-06-11T10:58:41","slug":"bairro-gloria-e-contemplado-com-novas-obras-de-pavimentacao","status":"publish","type":"post","link":"https:\/\/prefeitura.santarosa.rs.gov.br\/?p=14239","title":{"rendered":"Bairro Gl\u00f3ria \u00e9 contemplado com novas obras de pavimenta\u00e7\u00e3o"},"content":{"rendered":"\n<figure class=\"wp-block-image size-full\"><img fetchpriority=\"high\" decoding=\"async\" width=\"860\" height=\"645\" src=\"https:\/\/prefeitura.santarosa.rs.gov.br\/wp-content\/uploads\/2025\/06\/Formato-Site-e-Portal-860X645-JPG-2025-06-11T075553.205.jpg\" alt=\"\" class=\"wp-image-14240\" srcset=\"https:\/\/prefeitura.santarosa.rs.gov.br\/wp-content\/uploads\/2025\/06\/Formato-Site-e-Portal-860X645-JPG-2025-06-11T075553.205.jpg 860w, https:\/\/prefeitura.santarosa.rs.gov.br\/wp-content\/uploads\/2025\/06\/Formato-Site-e-Portal-860X645-JPG-2025-06-11T075553.205-300x225.jpg 300w, https:\/\/prefeitura.santarosa.rs.gov.br\/wp-content\/uploads\/2025\/06\/Formato-Site-e-Portal-860X645-JPG-2025-06-11T075553.205-768x576.jpg 768w\" sizes=\"(max-width: 860px) 100vw, 860px\" \/><\/figure>\n\n\n\n<p>O Prefeito Anderson Mantei assinou, na segunda-feira (09), novas ordens de in\u00edcio de obras de infraestrutura que ir\u00e3o beneficiar diretamente os moradores do bairro Gl\u00f3ria. Tr\u00eas vias da localidade ser\u00e3o contempladas com investimentos que somam mais de R$ 560 mil.<\/p>\n\n\n\n<p>As melhorias incluem a pavimenta\u00e7\u00e3o asf\u00e1ltica da Rua Valter Schubert e da Travessa dos Pardais, ambas em toda a extens\u00e3o, totalizando uma \u00e1rea de 1.092,24 m\u00b2. J\u00e1 na Rua 13 de Maio, ser\u00e1 realizada a conclus\u00e3o da pavimenta\u00e7\u00e3o, abrangendo uma \u00e1rea de 2.119,26 m\u00b2.<\/p>\n\n\n\n<p>Os servi\u00e7os v\u00e3o al\u00e9m do asfalto e incluem a\u00e7\u00f5es complementares como execu\u00e7\u00e3o de sarjetas e meio-fio em concreto, instala\u00e7\u00e3o de rede de drenagem, realiza\u00e7\u00e3o de remendos profundos no pavimento, nivelamento de tampas da Aegea\/Corsan, constru\u00e7\u00e3o de rampas de acessibilidade, al\u00e9m de sinaliza\u00e7\u00e3o vertical e horizontal. O prazo de execu\u00e7\u00e3o das obras \u00e9 de 150 dias, conforme o contrato. O Prefeito Anderson Mantei destacou a a\u00e7\u00e3o, \u201cEssas obras refletem o compromisso da gest\u00e3o com a infraestrutura da nossa cidade. Queremos garantir mais mobilidade e seguran\u00e7a para nossa popula\u00e7\u00e3o e o bairro Gl\u00f3ria \u00e9 um dos v\u00e1rios locais que est\u00e1 recebendo melhorias\u201d.<\/p>\n\n\n\n<p>Al\u00e9m dessas interven\u00e7\u00f5es, a Administra\u00e7\u00e3o Municipal concluiu recentemente outras duas importantes obras de pavimenta\u00e7\u00e3o no bairro: a Rua V\u00eanus e a Travessa Col\u00fambia. Mais de R$ 350 mil foram investidos nos projetos.<\/p>\n","protected":false},"excerpt":{"rendered":"<p>O Prefeito Anderson Mantei assinou, na segunda-feira (09), novas ordens de in\u00edcio de obras de infraestrutura que ir\u00e3o beneficiar diretamente<\/p>\n","protected":false},"author":12,"featured_media":14241,"comment_status":"closed","ping_status":"closed","sticky":false,"template":"","format":"standard","meta":{"footnotes":""},"categories":[4,22],"tags":[],"class_list":["post-14239","post","type-post","status-publish","format-standard","has-post-thumbnail","hentry","category-noticias","category-secretaria-municipal-de-planejamento-e-habitacao"],"aioseo_notices":[],"_links":{"self":[{"href":"https:\/\/prefeitura.santarosa.rs.gov.br\/index.php?rest_route=\/wp\/v2\/posts\/14239","targetHints":{"allow":["GET"]}}],"collection":[{"href":"https:\/\/prefeitura.santarosa.rs.gov.br\/index.php?rest_route=\/wp\/v2\/posts"}],"about":[{"href":"https:\/\/prefeitura.santarosa.rs.gov.br\/index.php?rest_route=\/wp\/v2\/types\/post"}],"author":[{"embeddable":true,"href":"https:\/\/prefeitura.santarosa.rs.gov.br\/index.php?rest_route=\/wp\/v2\/users\/12"}],"replies":[{"embeddable":true,"href":"https:\/\/prefeitura.santarosa.rs.gov.br\/index.php?rest_route=%2Fwp%2Fv2%2Fcomments&post=14239"}],"version-history":[{"count":1,"href":"https:\/\/prefeitura.santarosa.rs.gov.br\/index.php?rest_route=\/wp\/v2\/posts\/14239\/revisions"}],"predecessor-version":[{"id":14242,"href":"https:\/\/prefeitura.santarosa.rs.gov.br\/index.php?rest_route=\/wp\/v2\/posts\/14239\/revisions\/14242"}],"wp:featuredmedia":[{"embeddable":true,"href":"https:\/\/prefeitura.santarosa.rs.gov.br\/index.php?rest_route=\/wp\/v2\/media\/14241"}],"wp:attachment":[{"href":"https:\/\/prefeitura.santarosa.rs.gov.br\/index.php?rest_route=%2Fwp%2Fv2%2Fmedia&parent=14239"}],"wp:term":[{"taxonomy":"category","embeddable":true,"href":"https:\/\/prefeitura.santarosa.rs.gov.br\/index.php?rest_route=%2Fwp%2Fv2%2Fcategories&post=14239"},{"taxonomy":"post_tag","embeddable":true,"href":"https:\/\/prefeitura.santarosa.rs.gov.br\/index.php?rest_route=%2Fwp%2Fv2%2Ftags&post=14239"}],"curies":[{"name":"wp","href":"https:\/\/api.w.org\/{rel}","templated":true}]}}