{"id":14235,"date":"2025-06-10T15:52:38","date_gmt":"2025-06-10T18:52:38","guid":{"rendered":"https:\/\/prefeitura.santarosa.rs.gov.br\/?p=14235"},"modified":"2025-06-10T15:52:39","modified_gmt":"2025-06-10T18:52:39","slug":"hemosar-realiza-acoes-no-junho-vermelho-e-em-comemoracao-ao-dia-mundial-do-doador-de-sangue","status":"publish","type":"post","link":"https:\/\/prefeitura.santarosa.rs.gov.br\/?p=14235","title":{"rendered":"HEMOSAR realiza a\u00e7\u00f5es no Junho Vermelho e em comemora\u00e7\u00e3o ao Dia Mundial do Doador de Sangue"},"content":{"rendered":"\n<figure class=\"wp-block-image size-full\"><img fetchpriority=\"high\" decoding=\"async\" width=\"860\" height=\"645\" src=\"https:\/\/prefeitura.santarosa.rs.gov.br\/wp-content\/uploads\/2025\/06\/Formato-Site-e-Portal-860X645-JPG-2025-06-10T143107.358.jpg\" alt=\"\" class=\"wp-image-14236\" srcset=\"https:\/\/prefeitura.santarosa.rs.gov.br\/wp-content\/uploads\/2025\/06\/Formato-Site-e-Portal-860X645-JPG-2025-06-10T143107.358.jpg 860w, https:\/\/prefeitura.santarosa.rs.gov.br\/wp-content\/uploads\/2025\/06\/Formato-Site-e-Portal-860X645-JPG-2025-06-10T143107.358-300x225.jpg 300w, https:\/\/prefeitura.santarosa.rs.gov.br\/wp-content\/uploads\/2025\/06\/Formato-Site-e-Portal-860X645-JPG-2025-06-10T143107.358-768x576.jpg 768w\" sizes=\"(max-width: 860px) 100vw, 860px\" \/><\/figure>\n\n\n\n<p>A FUMSSAR, por meio do Hemocentro Regional de Santa Rosa &#8211; HEMOSAR, est\u00e1 promovendo uma s\u00e9rie de a\u00e7\u00f5es especiais durante o Junho Vermelho, campanha mundial dedicada \u00e0 conscientiza\u00e7\u00e3o sobre a import\u00e2ncia da doa\u00e7\u00e3o de sangue. A equipe preparou uma decora\u00e7\u00e3o especial que permanecer\u00e1 durante toda a semana no local, para acolher os doadores agendados e os grupos parceiros. No s\u00e1bado, dia 14 de junho, quando se celebra o Dia Mundial do Doador de Sangue, o hemocentro ter\u00e1 um turno extra de atendimento pela manh\u00e3, com coletas realizadas mediante agendamento pr\u00e9vio pelo telefone (55) 3513-5140.<\/p>\n\n\n\n<p>Outra a\u00e7\u00e3o que faz parte da campanha, vai acontecer no dia 28\/06. A equipe do HEMOSAR ir\u00e1 realizar uma coleta no s\u00e1bado de manh\u00e3, com um grupo de bombeiros volunt\u00e1rios de Tenente Portela e outro grupo de colaboradores da Stara. A coordenadora do hemocentro, Josiane Aquino, destaca que a campanha \u00e9 uma oportunidade de mobiliza\u00e7\u00e3o e gratid\u00e3o aos doadores, especialmente neste m\u00eas simb\u00f3lico, \u201cJunho \u00e9 um m\u00eas importante para valorizarmos quem doa e incentivarmos quem ainda n\u00e3o come\u00e7ou. Queremos alcan\u00e7ar principalmente o p\u00fablico jovem, que ainda \u00e9 o menos presente no hemocentro. Doar sangue \u00e9 um gesto simples, mas com um impacto enorme na vida de quem precisa\u201d.<\/p>\n\n\n\n<p>Entre os volunt\u00e1rios que fazem parte da hist\u00f3ria do HEMOSAR est\u00e1 Gilberto Berg, doador fidelizado h\u00e1 24 anos. Ele conta que o h\u00e1bito come\u00e7ou com um gesto de solidariedade e se transformou em compromisso com a vida, \u201cA primeira vez que doei foi para repor sangue de um amigo, e depois disso nunca mais parei. Desde 2001 sou doador regular, porque acredito que fazer o bem, sem olhar a quem, \u00e9 um dever de todos n\u00f3s\u201d.<\/p>\n\n\n\n<p>O Hemocentro Regional de Santa Rosa foi inaugurado em 1998 e atualmente fornece sangue para 52 munic\u00edpios, atendendo uma popula\u00e7\u00e3o superior a 600 mil habitantes e 25 ag\u00eancias transfusionais (hospitais da regi\u00e3o). S\u00e3o realizadas, em m\u00e9dia, 850 coletas de sangue por m\u00eas. O HEMOSAR est\u00e1 localizado na Rua Boa Vista, 401, Centro, e atende de segunda a sexta-feira, das 7h30min \u00e0s 11h e das 13h30min \u00e0s 16h30min. As doa\u00e7\u00f5es devem ser agendadas pelo telefone (55) 3513-5140, que tamb\u00e9m atende via WhatsApp.<\/p>\n","protected":false},"excerpt":{"rendered":"<p>A FUMSSAR, por meio do Hemocentro Regional de Santa Rosa &#8211; HEMOSAR, est\u00e1 promovendo uma s\u00e9rie de a\u00e7\u00f5es especiais durante<\/p>\n","protected":false},"author":12,"featured_media":14237,"comment_status":"closed","ping_status":"closed","sticky":false,"template":"","format":"standard","meta":{"footnotes":""},"categories":[4,8],"tags":[],"class_list":["post-14235","post","type-post","status-publish","format-standard","has-post-thumbnail","hentry","category-noticias","category-noticias-fumssar"],"aioseo_notices":[],"_links":{"self":[{"href":"https:\/\/prefeitura.santarosa.rs.gov.br\/index.php?rest_route=\/wp\/v2\/posts\/14235","targetHints":{"allow":["GET"]}}],"collection":[{"href":"https:\/\/prefeitura.santarosa.rs.gov.br\/index.php?rest_route=\/wp\/v2\/posts"}],"about":[{"href":"https:\/\/prefeitura.santarosa.rs.gov.br\/index.php?rest_route=\/wp\/v2\/types\/post"}],"author":[{"embeddable":true,"href":"https:\/\/prefeitura.santarosa.rs.gov.br\/index.php?rest_route=\/wp\/v2\/users\/12"}],"replies":[{"embeddable":true,"href":"https:\/\/prefeitura.santarosa.rs.gov.br\/index.php?rest_route=%2Fwp%2Fv2%2Fcomments&post=14235"}],"version-history":[{"count":1,"href":"https:\/\/prefeitura.santarosa.rs.gov.br\/index.php?rest_route=\/wp\/v2\/posts\/14235\/revisions"}],"predecessor-version":[{"id":14238,"href":"https:\/\/prefeitura.santarosa.rs.gov.br\/index.php?rest_route=\/wp\/v2\/posts\/14235\/revisions\/14238"}],"wp:featuredmedia":[{"embeddable":true,"href":"https:\/\/prefeitura.santarosa.rs.gov.br\/index.php?rest_route=\/wp\/v2\/media\/14237"}],"wp:attachment":[{"href":"https:\/\/prefeitura.santarosa.rs.gov.br\/index.php?rest_route=%2Fwp%2Fv2%2Fmedia&parent=14235"}],"wp:term":[{"taxonomy":"category","embeddable":true,"href":"https:\/\/prefeitura.santarosa.rs.gov.br\/index.php?rest_route=%2Fwp%2Fv2%2Fcategories&post=14235"},{"taxonomy":"post_tag","embeddable":true,"href":"https:\/\/prefeitura.santarosa.rs.gov.br\/index.php?rest_route=%2Fwp%2Fv2%2Ftags&post=14235"}],"curies":[{"name":"wp","href":"https:\/\/api.w.org\/{rel}","templated":true}]}}