{"id":14230,"date":"2025-06-10T10:13:51","date_gmt":"2025-06-10T13:13:51","guid":{"rendered":"https:\/\/prefeitura.santarosa.rs.gov.br\/?p=14230"},"modified":"2025-06-10T10:13:52","modified_gmt":"2025-06-10T13:13:52","slug":"refis-2025-ja-beneficiou-mais-de-970-contribuintes-em-santa-rosa","status":"publish","type":"post","link":"https:\/\/prefeitura.santarosa.rs.gov.br\/?p=14230","title":{"rendered":"REFIS 2025 j\u00e1 beneficiou mais de 970 contribuintes em Santa Rosa"},"content":{"rendered":"\n<figure class=\"wp-block-image size-full\"><img fetchpriority=\"high\" decoding=\"async\" width=\"860\" height=\"645\" src=\"https:\/\/prefeitura.santarosa.rs.gov.br\/wp-content\/uploads\/2025\/06\/Formato-Site-e-Portal-860X645-JPG-2025-06-10T101222.643.jpg\" alt=\"\" class=\"wp-image-14231\" srcset=\"https:\/\/prefeitura.santarosa.rs.gov.br\/wp-content\/uploads\/2025\/06\/Formato-Site-e-Portal-860X645-JPG-2025-06-10T101222.643.jpg 860w, https:\/\/prefeitura.santarosa.rs.gov.br\/wp-content\/uploads\/2025\/06\/Formato-Site-e-Portal-860X645-JPG-2025-06-10T101222.643-300x225.jpg 300w, https:\/\/prefeitura.santarosa.rs.gov.br\/wp-content\/uploads\/2025\/06\/Formato-Site-e-Portal-860X645-JPG-2025-06-10T101222.643-768x576.jpg 768w\" sizes=\"(max-width: 860px) 100vw, 860px\" \/><\/figure>\n\n\n\n<p>A Prefeitura de Santa Rosa segue com o REFIS 2025 &#8211; Programa Especial de Recupera\u00e7\u00e3o e Regulariza\u00e7\u00e3o de D\u00edvidas, que entrou em vigor no dia 03 de abril e j\u00e1 apresenta resultados expressivos. At\u00e9 o final de maio, 973 acordos foram firmados com contribuintes que aderiram \u00e0 iniciativa, que permite a quita\u00e7\u00e3o de d\u00e9bitos com a Fazenda P\u00fablica Municipal com descontos que podem chegar a 100% sobre juros e multas.<\/p>\n\n\n\n<p>Institu\u00eddo pela Lei Complementar n\u00ba 208\/2025, o REFIS tem como objetivo facilitar a regulariza\u00e7\u00e3o de cr\u00e9ditos da Fazenda P\u00fablica, abrangendo d\u00edvidas com fato gerador at\u00e9 31 de dezembro de 2024. Pessoas f\u00edsicas e jur\u00eddicas com pend\u00eancias tribut\u00e1rias ou fiscais junto ao munic\u00edpio podem participar.<\/p>\n\n\n\n<p>Desde o in\u00edcio do programa, j\u00e1 foram negociados R$ 2.775.229,09 em d\u00e9bitos. Desse total, R$ 1.026.240,17 j\u00e1 foram pagos e R$ 1.168.773,46 foram parcelados. O montante de descontos concedidos j\u00e1 atinge R$ 580.103,92, valor que corresponde \u00e0 ren\u00fancia fiscal autorizada pelo munic\u00edpio. Vale lembrar que o limite legal de ren\u00fancia para o ano de 2025 \u00e9 de R$ 2 milh\u00f5es, ou seja, aproximadamente 29% desse teto j\u00e1 foi utilizado. Os descontos variam conforme a forma de pagamento e o valor da d\u00edvida. O Secret\u00e1rio de Administra\u00e7\u00e3o e Fazenda, Maicon Zamboni, ressalta a relev\u00e2ncia do programa,<br>\u201cA ades\u00e3o crescente demonstra que os contribuintes est\u00e3o interessados em regularizar suas pend\u00eancias, aproveitando os benef\u00edcios oferecidos\u201d.<\/p>\n\n\n\n<p>Para aderir ao programa, o contribuinte deve realizar o pagamento \u00e0 vista ou quitar a primeira parcela do acordo, caso opte pelo parcelamento. O atendimento \u00e9 feito na Secretaria de Administra\u00e7\u00e3o e Fazenda, de segunda a sexta-feira, das 08h \u00e0s 11h30min e das 13h30min \u00e0s 17h. O REFIS 2025 segue ativo at\u00e9 o dia 30 de dezembro ou at\u00e9 que o limite de R$ 2 milh\u00f5es em descontos seja atingido, o que ocorrer primeiro.<\/p>\n","protected":false},"excerpt":{"rendered":"<p>A Prefeitura de Santa Rosa segue com o REFIS 2025 &#8211; Programa Especial de Recupera\u00e7\u00e3o e Regulariza\u00e7\u00e3o de D\u00edvidas, que<\/p>\n","protected":false},"author":12,"featured_media":14232,"comment_status":"closed","ping_status":"closed","sticky":false,"template":"","format":"standard","meta":{"footnotes":""},"categories":[4,13],"tags":[],"class_list":["post-14230","post","type-post","status-publish","format-standard","has-post-thumbnail","hentry","category-noticias","category-secretaria-municipal-de-administracao-e-fazenda"],"aioseo_notices":[],"_links":{"self":[{"href":"https:\/\/prefeitura.santarosa.rs.gov.br\/index.php?rest_route=\/wp\/v2\/posts\/14230","targetHints":{"allow":["GET"]}}],"collection":[{"href":"https:\/\/prefeitura.santarosa.rs.gov.br\/index.php?rest_route=\/wp\/v2\/posts"}],"about":[{"href":"https:\/\/prefeitura.santarosa.rs.gov.br\/index.php?rest_route=\/wp\/v2\/types\/post"}],"author":[{"embeddable":true,"href":"https:\/\/prefeitura.santarosa.rs.gov.br\/index.php?rest_route=\/wp\/v2\/users\/12"}],"replies":[{"embeddable":true,"href":"https:\/\/prefeitura.santarosa.rs.gov.br\/index.php?rest_route=%2Fwp%2Fv2%2Fcomments&post=14230"}],"version-history":[{"count":1,"href":"https:\/\/prefeitura.santarosa.rs.gov.br\/index.php?rest_route=\/wp\/v2\/posts\/14230\/revisions"}],"predecessor-version":[{"id":14233,"href":"https:\/\/prefeitura.santarosa.rs.gov.br\/index.php?rest_route=\/wp\/v2\/posts\/14230\/revisions\/14233"}],"wp:featuredmedia":[{"embeddable":true,"href":"https:\/\/prefeitura.santarosa.rs.gov.br\/index.php?rest_route=\/wp\/v2\/media\/14232"}],"wp:attachment":[{"href":"https:\/\/prefeitura.santarosa.rs.gov.br\/index.php?rest_route=%2Fwp%2Fv2%2Fmedia&parent=14230"}],"wp:term":[{"taxonomy":"category","embeddable":true,"href":"https:\/\/prefeitura.santarosa.rs.gov.br\/index.php?rest_route=%2Fwp%2Fv2%2Fcategories&post=14230"},{"taxonomy":"post_tag","embeddable":true,"href":"https:\/\/prefeitura.santarosa.rs.gov.br\/index.php?rest_route=%2Fwp%2Fv2%2Ftags&post=14230"}],"curies":[{"name":"wp","href":"https:\/\/api.w.org\/{rel}","templated":true}]}}