{"id":14202,"date":"2025-06-06T14:26:06","date_gmt":"2025-06-06T17:26:06","guid":{"rendered":"https:\/\/prefeitura.santarosa.rs.gov.br\/?p=14202"},"modified":"2025-06-06T14:26:06","modified_gmt":"2025-06-06T17:26:06","slug":"inscricoes-abertas-para-o-5o-seminario-regional-em-saude-do-trabalhador-e-da-trabalhadora","status":"publish","type":"post","link":"https:\/\/prefeitura.santarosa.rs.gov.br\/?p=14202","title":{"rendered":"Inscri\u00e7\u00f5es abertas para o 5\u00ba Semin\u00e1rio Regional em Sa\u00fade do Trabalhador e da Trabalhadora"},"content":{"rendered":"\n<figure class=\"wp-block-image size-full\"><img fetchpriority=\"high\" decoding=\"async\" width=\"860\" height=\"645\" src=\"https:\/\/prefeitura.santarosa.rs.gov.br\/wp-content\/uploads\/2025\/06\/Formato-Site-e-Portal-860X645-JPG-2025-06-06T142514.560.jpg\" alt=\"\" class=\"wp-image-14203\" srcset=\"https:\/\/prefeitura.santarosa.rs.gov.br\/wp-content\/uploads\/2025\/06\/Formato-Site-e-Portal-860X645-JPG-2025-06-06T142514.560.jpg 860w, https:\/\/prefeitura.santarosa.rs.gov.br\/wp-content\/uploads\/2025\/06\/Formato-Site-e-Portal-860X645-JPG-2025-06-06T142514.560-300x225.jpg 300w, https:\/\/prefeitura.santarosa.rs.gov.br\/wp-content\/uploads\/2025\/06\/Formato-Site-e-Portal-860X645-JPG-2025-06-06T142514.560-768x576.jpg 768w\" sizes=\"(max-width: 860px) 100vw, 860px\" \/><\/figure>\n\n\n\n<p>O Centro de Refer\u00eancia em Sa\u00fade do Trabalhador (CEREST) Fronteira Noroeste ir\u00e1 promover no dia 26 de junho, o 5\u00ba Semin\u00e1rio Regional em Sa\u00fade do Trabalhador e da Trabalhadora. O evento \u00e9 gratuito e as inscri\u00e7\u00f5es est\u00e3o abertas at\u00e9 o dia 20\/06. A atividade ter\u00e1 como tema \u201cA Sa\u00fade do Trabalhador e da Trabalhadora e as Novas Rela\u00e7\u00f5es de Trabalho\u201d. A a\u00e7\u00e3o ser\u00e1 realizada no Centro C\u00edvico Cultural Ant\u00f4nio Carlos Borges, das 07h30min \u00e0s 17h, e contar\u00e1 com uma programa\u00e7\u00e3o voltada para profissionais da sa\u00fade, gestores, estudantes, sindicatos e todos os interessados na promo\u00e7\u00e3o de ambientes de trabalho mais seguros e saud\u00e1veis.<\/p>\n\n\n\n<p>O evento ir\u00e1 abordar temas como ass\u00e9dio no trabalho, conflitos geracionais, sa\u00fade mental no ambiente corporativo, pol\u00edticas p\u00fablicas do SUS voltadas ao trabalhador e a atua\u00e7\u00e3o do Minist\u00e9rio P\u00fablico do Trabalho na prote\u00e7\u00e3o \u00e0 sa\u00fade laboral. A coordenadora do CEREST Fronteira Noroeste, Luciana Buuron, destaca a import\u00e2ncia do semin\u00e1rio, \u201cEsse encontro \u00e9 fundamental para refletirmos sobre os impactos das novas formas de trabalho na sa\u00fade f\u00edsica e mental dos trabalhadores. \u00c9 tamb\u00e9m uma oportunidade de articula\u00e7\u00e3o entre institui\u00e7\u00f5es e setores que atuam na promo\u00e7\u00e3o da sa\u00fade laboral\u201d.<\/p>\n\n\n\n<p>A programa\u00e7\u00e3o inclui palestras com nomes de destaque na \u00e1rea da sa\u00fade do trabalhador, como: Laura Valen\u00e7a Pinheiro Camello Zacarias, Procuradora do Trabalho MPT\/RS; Patr\u00edcia Felden Torma, Psic\u00f3loga e Coordenadora do CEREST Iju\u00ed; Camila Scherdien da Silva, Professora e Pesquisadora do IFFAR Santa Rosa; Fabi\u00e9le M. Assad, M\u00e9dica do Trabalho e Gestora de Sa\u00fade Ocupacional da John Deere, e Andreia Simoni Gnoatto, Assistente Social e Coordenadora do CEREST Estadual.<\/p>\n\n\n\n<p>Os interessados podem se inscrever por meio do QR Code dispon\u00edvel no material de divulga\u00e7\u00e3o ou diretamente com o CEREST Fronteira Noroeste.<\/p>\n","protected":false},"excerpt":{"rendered":"<p>O Centro de Refer\u00eancia em Sa\u00fade do Trabalhador (CEREST) Fronteira Noroeste ir\u00e1 promover no dia 26 de junho, o 5\u00ba<\/p>\n","protected":false},"author":12,"featured_media":14204,"comment_status":"closed","ping_status":"closed","sticky":false,"template":"","format":"standard","meta":{"footnotes":""},"categories":[4,8],"tags":[],"class_list":["post-14202","post","type-post","status-publish","format-standard","has-post-thumbnail","hentry","category-noticias","category-noticias-fumssar"],"aioseo_notices":[],"_links":{"self":[{"href":"https:\/\/prefeitura.santarosa.rs.gov.br\/index.php?rest_route=\/wp\/v2\/posts\/14202","targetHints":{"allow":["GET"]}}],"collection":[{"href":"https:\/\/prefeitura.santarosa.rs.gov.br\/index.php?rest_route=\/wp\/v2\/posts"}],"about":[{"href":"https:\/\/prefeitura.santarosa.rs.gov.br\/index.php?rest_route=\/wp\/v2\/types\/post"}],"author":[{"embeddable":true,"href":"https:\/\/prefeitura.santarosa.rs.gov.br\/index.php?rest_route=\/wp\/v2\/users\/12"}],"replies":[{"embeddable":true,"href":"https:\/\/prefeitura.santarosa.rs.gov.br\/index.php?rest_route=%2Fwp%2Fv2%2Fcomments&post=14202"}],"version-history":[{"count":1,"href":"https:\/\/prefeitura.santarosa.rs.gov.br\/index.php?rest_route=\/wp\/v2\/posts\/14202\/revisions"}],"predecessor-version":[{"id":14205,"href":"https:\/\/prefeitura.santarosa.rs.gov.br\/index.php?rest_route=\/wp\/v2\/posts\/14202\/revisions\/14205"}],"wp:featuredmedia":[{"embeddable":true,"href":"https:\/\/prefeitura.santarosa.rs.gov.br\/index.php?rest_route=\/wp\/v2\/media\/14204"}],"wp:attachment":[{"href":"https:\/\/prefeitura.santarosa.rs.gov.br\/index.php?rest_route=%2Fwp%2Fv2%2Fmedia&parent=14202"}],"wp:term":[{"taxonomy":"category","embeddable":true,"href":"https:\/\/prefeitura.santarosa.rs.gov.br\/index.php?rest_route=%2Fwp%2Fv2%2Fcategories&post=14202"},{"taxonomy":"post_tag","embeddable":true,"href":"https:\/\/prefeitura.santarosa.rs.gov.br\/index.php?rest_route=%2Fwp%2Fv2%2Ftags&post=14202"}],"curies":[{"name":"wp","href":"https:\/\/api.w.org\/{rel}","templated":true}]}}