{"id":14194,"date":"2025-06-05T16:25:10","date_gmt":"2025-06-05T19:25:10","guid":{"rendered":"https:\/\/prefeitura.santarosa.rs.gov.br\/?p=14194"},"modified":"2025-06-05T16:26:18","modified_gmt":"2025-06-05T19:26:18","slug":"fumssar-divulga-novo-turno-estendido-para-a-vacinacao-contra-a-gripe","status":"publish","type":"post","link":"https:\/\/prefeitura.santarosa.rs.gov.br\/?p=14194","title":{"rendered":"FUMSSAR divulga novo turno estendido para a vacina\u00e7\u00e3o contra a gripe"},"content":{"rendered":"\n<p>A a\u00e7\u00e3o tem como objetivo aumentar a ades\u00e3o dos grupos priorit\u00e1rios e evitar complica\u00e7\u00f5es da doen\u00e7a<\/p>\n\n\n\n<figure class=\"wp-block-image size-full\"><img fetchpriority=\"high\" decoding=\"async\" width=\"860\" height=\"645\" src=\"https:\/\/prefeitura.santarosa.rs.gov.br\/wp-content\/uploads\/2025\/06\/Formato-Site-e-Portal-860X645-JPG-2025-06-05T162318.893-1.jpg\" alt=\"\" class=\"wp-image-14196\" srcset=\"https:\/\/prefeitura.santarosa.rs.gov.br\/wp-content\/uploads\/2025\/06\/Formato-Site-e-Portal-860X645-JPG-2025-06-05T162318.893-1.jpg 860w, https:\/\/prefeitura.santarosa.rs.gov.br\/wp-content\/uploads\/2025\/06\/Formato-Site-e-Portal-860X645-JPG-2025-06-05T162318.893-1-300x225.jpg 300w, https:\/\/prefeitura.santarosa.rs.gov.br\/wp-content\/uploads\/2025\/06\/Formato-Site-e-Portal-860X645-JPG-2025-06-05T162318.893-1-768x576.jpg 768w\" sizes=\"(max-width: 860px) 100vw, 860px\" \/><\/figure>\n\n\n\n<p>A FUMSSAR divulgou que ir\u00e1 realizar na pr\u00f3xima ter\u00e7a-feira (10), um turno estendido de vacina\u00e7\u00e3o contra a gripe. A aplica\u00e7\u00e3o das doses vai estar dispon\u00edvel das 17h30min \u00e0s 19h30min em todas as Unidades B\u00e1sicas de Sa\u00fade (com exce\u00e7\u00e3o da UBS Bela Uni\u00e3o e UBS Sete de Setembro). O hor\u00e1rio adicional \u00e9 uma oportunidade para que principalmente, os grupos priorit\u00e1rios (idosos, gestantes e crian\u00e7as), realizem a imuniza\u00e7\u00e3o.<\/p>\n\n\n\n<p>Embora a vacina contra a gripe tenha sido recentemente liberada para toda a popula\u00e7\u00e3o, a campanha segue com \u00eanfase nos grupos priorit\u00e1rios, por serem os que mais apresentam risco de complica\u00e7\u00f5es graves em decorr\u00eancia da doen\u00e7a. At\u00e9 o momento, cerca de 18 mil doses j\u00e1 foram aplicadas em Santa Rosa. No entanto, apenas 9.751 dessas doses foram destinadas a pessoas dos grupos priorit\u00e1rios, o que corresponde a aproximadamente 47% do p\u00fablico-alvo. O presidente da FUMSSAR, D\u00e9lcio Stefan, refor\u00e7a a import\u00e2ncia da iniciativa, \u201c\u00c9 fundamental que a popula\u00e7\u00e3o, especialmente os grupos priorit\u00e1rios, aproveite esse hor\u00e1rio estendido para se proteger. A vacina\u00e7\u00e3o \u00e9 a forma mais eficaz de prevenir complica\u00e7\u00f5es graves causadas pelo v\u00edrus da gripe\u201d.<\/p>\n\n\n\n<p>Al\u00e9m da ter\u00e7a-feira (10), a vacina\u00e7\u00e3o segue sendo realizada de segunda a sexta-feira, em todas as UBSs, conforme o cronograma de cada unidade. Para se vacinar, \u00e9 necess\u00e1rio levar documento foto e a caderneta de vacina\u00e7\u00e3o.<\/p>\n\n\n\n<p>A FUMSSAR divulgou que ir\u00e1 realizar na pr\u00f3xima ter\u00e7a-feira (10), um turno estendido de vacina\u00e7\u00e3o contra a gripe. A aplica\u00e7\u00e3o das doses vai estar dispon\u00edvel das 17h30min \u00e0s 19h30min em todas as Unidades B\u00e1sicas de Sa\u00fade (com exce\u00e7\u00e3o da UBS Bela Uni\u00e3o e UBS Sete de Setembro). O hor\u00e1rio adicional \u00e9 uma oportunidade para que principalmente, os grupos priorit\u00e1rios (idosos, gestantes e crian\u00e7as), realizem a imuniza\u00e7\u00e3o.<\/p>\n\n\n\n<p>Embora a vacina contra a gripe tenha sido recentemente liberada para toda a popula\u00e7\u00e3o, a campanha segue com \u00eanfase nos grupos priorit\u00e1rios, por serem os que mais apresentam risco de complica\u00e7\u00f5es graves em decorr\u00eancia da doen\u00e7a. At\u00e9 o momento, cerca de 18 mil doses j\u00e1 foram aplicadas em Santa Rosa. No entanto, apenas 9.751 dessas doses foram destinadas a pessoas dos grupos priorit\u00e1rios, o que corresponde a aproximadamente 47% do p\u00fablico-alvo. O presidente da FUMSSAR, D\u00e9lcio Stefan, refor\u00e7a a import\u00e2ncia da iniciativa, \u201c\u00c9 fundamental que a popula\u00e7\u00e3o, especialmente os grupos priorit\u00e1rios, aproveite esse hor\u00e1rio estendido para se proteger. A vacina\u00e7\u00e3o \u00e9 a forma mais eficaz de prevenir complica\u00e7\u00f5es graves causadas pelo v\u00edrus da gripe\u201d.<\/p>\n\n\n\n<p>Al\u00e9m da ter\u00e7a-feira (10), a vacina\u00e7\u00e3o segue sendo realizada de segunda a sexta-feira, em todas as UBSs, conforme o cronograma de cada unidade. Para se vacinar, \u00e9 necess\u00e1rio levar documento foto e a caderneta de vacina\u00e7\u00e3o.<\/p>\n\n\n\n<figure class=\"wp-block-image size-large\"><img decoding=\"async\" width=\"819\" height=\"1024\" src=\"https:\/\/prefeitura.santarosa.rs.gov.br\/wp-content\/uploads\/2025\/06\/WhatsApp-Image-2025-06-05-at-16.17.39-819x1024.jpeg\" alt=\"\" class=\"wp-image-14199\" srcset=\"https:\/\/prefeitura.santarosa.rs.gov.br\/wp-content\/uploads\/2025\/06\/WhatsApp-Image-2025-06-05-at-16.17.39-819x1024.jpeg 819w, https:\/\/prefeitura.santarosa.rs.gov.br\/wp-content\/uploads\/2025\/06\/WhatsApp-Image-2025-06-05-at-16.17.39-240x300.jpeg 240w, https:\/\/prefeitura.santarosa.rs.gov.br\/wp-content\/uploads\/2025\/06\/WhatsApp-Image-2025-06-05-at-16.17.39-768x960.jpeg 768w, https:\/\/prefeitura.santarosa.rs.gov.br\/wp-content\/uploads\/2025\/06\/WhatsApp-Image-2025-06-05-at-16.17.39.jpeg 1080w\" sizes=\"(max-width: 819px) 100vw, 819px\" \/><\/figure>\n","protected":false},"excerpt":{"rendered":"<p>A a\u00e7\u00e3o tem como objetivo aumentar a ades\u00e3o dos grupos priorit\u00e1rios e evitar complica\u00e7\u00f5es da doen\u00e7a A FUMSSAR divulgou que<\/p>\n","protected":false},"author":12,"featured_media":14197,"comment_status":"closed","ping_status":"closed","sticky":false,"template":"","format":"standard","meta":{"footnotes":""},"categories":[4,8],"tags":[],"class_list":["post-14194","post","type-post","status-publish","format-standard","has-post-thumbnail","hentry","category-noticias","category-noticias-fumssar"],"aioseo_notices":[],"_links":{"self":[{"href":"https:\/\/prefeitura.santarosa.rs.gov.br\/index.php?rest_route=\/wp\/v2\/posts\/14194","targetHints":{"allow":["GET"]}}],"collection":[{"href":"https:\/\/prefeitura.santarosa.rs.gov.br\/index.php?rest_route=\/wp\/v2\/posts"}],"about":[{"href":"https:\/\/prefeitura.santarosa.rs.gov.br\/index.php?rest_route=\/wp\/v2\/types\/post"}],"author":[{"embeddable":true,"href":"https:\/\/prefeitura.santarosa.rs.gov.br\/index.php?rest_route=\/wp\/v2\/users\/12"}],"replies":[{"embeddable":true,"href":"https:\/\/prefeitura.santarosa.rs.gov.br\/index.php?rest_route=%2Fwp%2Fv2%2Fcomments&post=14194"}],"version-history":[{"count":2,"href":"https:\/\/prefeitura.santarosa.rs.gov.br\/index.php?rest_route=\/wp\/v2\/posts\/14194\/revisions"}],"predecessor-version":[{"id":14200,"href":"https:\/\/prefeitura.santarosa.rs.gov.br\/index.php?rest_route=\/wp\/v2\/posts\/14194\/revisions\/14200"}],"wp:featuredmedia":[{"embeddable":true,"href":"https:\/\/prefeitura.santarosa.rs.gov.br\/index.php?rest_route=\/wp\/v2\/media\/14197"}],"wp:attachment":[{"href":"https:\/\/prefeitura.santarosa.rs.gov.br\/index.php?rest_route=%2Fwp%2Fv2%2Fmedia&parent=14194"}],"wp:term":[{"taxonomy":"category","embeddable":true,"href":"https:\/\/prefeitura.santarosa.rs.gov.br\/index.php?rest_route=%2Fwp%2Fv2%2Fcategories&post=14194"},{"taxonomy":"post_tag","embeddable":true,"href":"https:\/\/prefeitura.santarosa.rs.gov.br\/index.php?rest_route=%2Fwp%2Fv2%2Ftags&post=14194"}],"curies":[{"name":"wp","href":"https:\/\/api.w.org\/{rel}","templated":true}]}}