{"id":14190,"date":"2025-06-05T15:51:28","date_gmt":"2025-06-05T18:51:28","guid":{"rendered":"https:\/\/prefeitura.santarosa.rs.gov.br\/?p=14190"},"modified":"2025-06-05T15:51:28","modified_gmt":"2025-06-05T18:51:28","slug":"nova-gestao-no-previrosa","status":"publish","type":"post","link":"https:\/\/prefeitura.santarosa.rs.gov.br\/?p=14190","title":{"rendered":"Nova gest\u00e3o no PREVIROSA"},"content":{"rendered":"\n<figure class=\"wp-block-image size-full\"><img fetchpriority=\"high\" decoding=\"async\" width=\"860\" height=\"645\" src=\"https:\/\/prefeitura.santarosa.rs.gov.br\/wp-content\/uploads\/2025\/06\/Formato-Site-e-Portal-860X645-JPG-2025-06-05T154937.874.jpg\" alt=\"\" class=\"wp-image-14191\" srcset=\"https:\/\/prefeitura.santarosa.rs.gov.br\/wp-content\/uploads\/2025\/06\/Formato-Site-e-Portal-860X645-JPG-2025-06-05T154937.874.jpg 860w, https:\/\/prefeitura.santarosa.rs.gov.br\/wp-content\/uploads\/2025\/06\/Formato-Site-e-Portal-860X645-JPG-2025-06-05T154937.874-300x225.jpg 300w, https:\/\/prefeitura.santarosa.rs.gov.br\/wp-content\/uploads\/2025\/06\/Formato-Site-e-Portal-860X645-JPG-2025-06-05T154937.874-768x576.jpg 768w\" sizes=\"(max-width: 860px) 100vw, 860px\" \/><\/figure>\n\n\n\n<p>O prefeito Anderson Mantei e o vice-prefeito Aldemir Ulrich deram posse, na tarde desta quarta-feira (04\/06), aos novos integrantes da Diretoria Executiva, Conselho Deliberativo, Conselho Fiscal e Comit\u00ea de Investimentos do PREVIROSA &#8211; Instituto de Previd\u00eancia dos Servidores P\u00fablicos Municipais de Santa Rosa. A nomea\u00e7\u00e3o est\u00e1 prevista no Decreto n\u00ba 89\/2025.<\/p>\n\n\n\n<p>O PREVIROSA \u00e9 uma autarquia respons\u00e1vel pela gest\u00e3o da previd\u00eancia social dos servidores municipais de Santa Rosa. A entidade, que integra a administra\u00e7\u00e3o indireta do munic\u00edpio, garante a aposentadoria e outros benef\u00edcios previdenci\u00e1rios aos servidores com cargo efetivo, tanto da administra\u00e7\u00e3o direta quanto da indireta.<\/p>\n\n\n\n<p>A nova gest\u00e3o assume o mandato para o per\u00edodo de 1\u00ba de junho de 2025 a 31 de maio de 2028.<\/p>\n\n\n\n<p>Confira abaixo, os cargos que foram empossados:<\/p>\n\n\n\n<p>Diretoria Executiva<br>\u2022 Diretor-Presidente: Salatiel Oliveira Santos<br>\u2022 Diretora Administrativa e Financeira: Raquel Brum Pauli<br>\u2022 Diretora de Benef\u00edcios: Edila Loureiro Pacoff<\/p>\n\n\n\n<p>Conselho Deliberativo<br>Representantes indicados pelo Executivo Municipal<br>\u2022 Titulares: Jos\u00e9 Idalino da Rosa, Cris Lisi\u00ea Kurylo e Jo\u00e3o Carlos Lopes<br>\u2022 Suplentes: Cristina de F\u00e1tima Pereira, Daiana Cristina Johans e Iziquiel da Veiga<\/p>\n\n\n\n<p>Representantes eleitos dos servidores (Quadro Geral, Magist\u00e9rio, C\u00e2mara e PREVIROSA)<br>\u2022 Titulares: Rosane Fritz de Almeida, Adelino Pedro Wisniewski e Andreia Gunsch Pires<br>\u2022 Suplente: Daniele Specht Lemos da Silva<\/p>\n\n\n\n<p>FUMSSAR \u2013 Funda\u00e7\u00e3o Municipal de Sa\u00fade<br>\u2022 Titular: Marcos da Silva<br>\u2022 Suplente: Valdomiro Leite<\/p>\n\n\n\n<p>Poder Legislativo Municipal<br>\u2022 Titular: Joel Faccin<br>\u2022 Suplente: J\u00falio C\u00e9sar Deak<\/p>\n\n\n\n<p>Representantes dos inativos e pensionistas<br>\u2022 Titular: Clair Teresinha Mucha<br>\u2022 Suplente: Ros\u00e2ngela Klein Schuster<\/p>\n\n\n\n<p>Conselho Fiscal<br>Indica\u00e7\u00e3o do Executivo Municipal<br>\u2022 Titular: Maicon Venicio Antunes Dapieve<br>\u2022 Suplente: Alexandre de Oliveira<\/p>\n\n\n\n<p>Indica\u00e7\u00e3o do Sindicato dos Servidores Municipais<br>\u2022 Titular: Gerson Brust<br>\u2022 Suplente: Jonas Alo\u00edsio Fusiger<\/p>\n\n\n\n<p>Representantes dos inativos e pensionistas<br>\u2022 Titular: Margarete Chitolina Feltraco<br>\u2022 Suplente: Claudia Maria Karnikowski<\/p>\n\n\n\n<p>Comit\u00ea de Investimentos<br>\u2022 Indicado pelo Executivo Municipal: Rafael Klein (titular)<br>\u2022 Indicado pelo Conselho Deliberativo: Diones Almir Linck (titular)<br>\u2022 Indicado pela Diretoria Executiva do PREVIROSA: Raquel Brum Pauli (titular e presidente do Comit\u00ea)<\/p>\n","protected":false},"excerpt":{"rendered":"<p>O prefeito Anderson Mantei e o vice-prefeito Aldemir Ulrich deram posse, na tarde desta quarta-feira (04\/06), aos novos integrantes da<\/p>\n","protected":false},"author":12,"featured_media":14192,"comment_status":"closed","ping_status":"closed","sticky":false,"template":"","format":"standard","meta":{"footnotes":""},"categories":[4,3],"tags":[],"class_list":["post-14190","post","type-post","status-publish","format-standard","has-post-thumbnail","hentry","category-noticias","category-gabinete-do-prefeito"],"aioseo_notices":[],"_links":{"self":[{"href":"https:\/\/prefeitura.santarosa.rs.gov.br\/index.php?rest_route=\/wp\/v2\/posts\/14190","targetHints":{"allow":["GET"]}}],"collection":[{"href":"https:\/\/prefeitura.santarosa.rs.gov.br\/index.php?rest_route=\/wp\/v2\/posts"}],"about":[{"href":"https:\/\/prefeitura.santarosa.rs.gov.br\/index.php?rest_route=\/wp\/v2\/types\/post"}],"author":[{"embeddable":true,"href":"https:\/\/prefeitura.santarosa.rs.gov.br\/index.php?rest_route=\/wp\/v2\/users\/12"}],"replies":[{"embeddable":true,"href":"https:\/\/prefeitura.santarosa.rs.gov.br\/index.php?rest_route=%2Fwp%2Fv2%2Fcomments&post=14190"}],"version-history":[{"count":1,"href":"https:\/\/prefeitura.santarosa.rs.gov.br\/index.php?rest_route=\/wp\/v2\/posts\/14190\/revisions"}],"predecessor-version":[{"id":14193,"href":"https:\/\/prefeitura.santarosa.rs.gov.br\/index.php?rest_route=\/wp\/v2\/posts\/14190\/revisions\/14193"}],"wp:featuredmedia":[{"embeddable":true,"href":"https:\/\/prefeitura.santarosa.rs.gov.br\/index.php?rest_route=\/wp\/v2\/media\/14192"}],"wp:attachment":[{"href":"https:\/\/prefeitura.santarosa.rs.gov.br\/index.php?rest_route=%2Fwp%2Fv2%2Fmedia&parent=14190"}],"wp:term":[{"taxonomy":"category","embeddable":true,"href":"https:\/\/prefeitura.santarosa.rs.gov.br\/index.php?rest_route=%2Fwp%2Fv2%2Fcategories&post=14190"},{"taxonomy":"post_tag","embeddable":true,"href":"https:\/\/prefeitura.santarosa.rs.gov.br\/index.php?rest_route=%2Fwp%2Fv2%2Ftags&post=14190"}],"curies":[{"name":"wp","href":"https:\/\/api.w.org\/{rel}","templated":true}]}}