{"id":14186,"date":"2025-06-05T15:39:50","date_gmt":"2025-06-05T18:39:50","guid":{"rendered":"https:\/\/prefeitura.santarosa.rs.gov.br\/?p=14186"},"modified":"2025-06-05T15:39:51","modified_gmt":"2025-06-05T18:39:51","slug":"governo-municipal-reforca-importancia-do-desassoreamento-apos-fortes-chuvas","status":"publish","type":"post","link":"https:\/\/prefeitura.santarosa.rs.gov.br\/?p=14186","title":{"rendered":"Governo Municipal refor\u00e7a import\u00e2ncia do desassoreamento ap\u00f3s fortes chuvas"},"content":{"rendered":"\n<figure class=\"wp-block-image size-full\"><img fetchpriority=\"high\" decoding=\"async\" width=\"860\" height=\"645\" src=\"https:\/\/prefeitura.santarosa.rs.gov.br\/wp-content\/uploads\/2025\/06\/Formato-Site-e-Portal-860X645-JPG-2025-06-05T153734.117.jpg\" alt=\"\" class=\"wp-image-14187\" srcset=\"https:\/\/prefeitura.santarosa.rs.gov.br\/wp-content\/uploads\/2025\/06\/Formato-Site-e-Portal-860X645-JPG-2025-06-05T153734.117.jpg 860w, https:\/\/prefeitura.santarosa.rs.gov.br\/wp-content\/uploads\/2025\/06\/Formato-Site-e-Portal-860X645-JPG-2025-06-05T153734.117-300x225.jpg 300w, https:\/\/prefeitura.santarosa.rs.gov.br\/wp-content\/uploads\/2025\/06\/Formato-Site-e-Portal-860X645-JPG-2025-06-05T153734.117-768x576.jpg 768w\" sizes=\"(max-width: 860px) 100vw, 860px\" \/><\/figure>\n\n\n\n<p>Na manh\u00e3 desta quinta-feira (05), o vice-prefeito Aldemir Ulrich, esteve vistoriando diversos pontos do munic\u00edpio para avaliar a situa\u00e7\u00e3o dos rios ap\u00f3s as fortes chuvas registradas nas \u00faltimas semanas. De acordo com a Defesa Civil, em apenas 10 dias foram contabilizados 230 mm de chuva em Santa Rosa. Apesar do volume expressivo, n\u00e3o houve registros de alagamentos ou inunda\u00e7\u00f5es no munic\u00edpio.<\/p>\n\n\n\n<p>O resultado positivo \u00e9 reflexo direto das a\u00e7\u00f5es preventivas de desassoreamento realizadas pelo Governo Municipal desde 2022, \u201cOs investimentos que fizemos t\u00eam mostrado resultados concretos. Mesmo com a intensidade das chuvas, os rios conseguiram escoar a \u00e1gua com mais efici\u00eancia, sem causar transtornos \u00e0 popula\u00e7\u00e3o\u201d, destacou o vice-prefeito durante visita ao Rio Pessegueirinho, pr\u00f3ximo ao bairro Sulina, um dos locais monitorados pela equipe da Prefeitura.<\/p>\n\n\n\n<p>A primeira grande a\u00e7\u00e3o de desassoreamento foi realizada em 2022, abrangendo os rios Lajeado Paulino, Pessegueiro, Pessegueirinho, Lajeado Figueira e Sanga do In\u00e1cio. J\u00e1 no final de 2024, uma nova etapa do trabalho foi executada, com aproximadamente 350 horas de servi\u00e7o, sendo conclu\u00edda em abril deste ano. Esse esfor\u00e7o cont\u00ednuo tem sido essencial para manter a seguran\u00e7a das fam\u00edlias que vivem pr\u00f3ximas a \u00e1reas de risco.<\/p>\n","protected":false},"excerpt":{"rendered":"<p>Na manh\u00e3 desta quinta-feira (05), o vice-prefeito Aldemir Ulrich, esteve vistoriando diversos pontos do munic\u00edpio para avaliar a situa\u00e7\u00e3o dos<\/p>\n","protected":false},"author":12,"featured_media":14188,"comment_status":"closed","ping_status":"closed","sticky":false,"template":"","format":"standard","meta":{"footnotes":""},"categories":[4,9],"tags":[],"class_list":["post-14186","post","type-post","status-publish","format-standard","has-post-thumbnail","hentry","category-noticias","category-gabinete-do-vice-prefeito"],"aioseo_notices":[],"_links":{"self":[{"href":"https:\/\/prefeitura.santarosa.rs.gov.br\/index.php?rest_route=\/wp\/v2\/posts\/14186","targetHints":{"allow":["GET"]}}],"collection":[{"href":"https:\/\/prefeitura.santarosa.rs.gov.br\/index.php?rest_route=\/wp\/v2\/posts"}],"about":[{"href":"https:\/\/prefeitura.santarosa.rs.gov.br\/index.php?rest_route=\/wp\/v2\/types\/post"}],"author":[{"embeddable":true,"href":"https:\/\/prefeitura.santarosa.rs.gov.br\/index.php?rest_route=\/wp\/v2\/users\/12"}],"replies":[{"embeddable":true,"href":"https:\/\/prefeitura.santarosa.rs.gov.br\/index.php?rest_route=%2Fwp%2Fv2%2Fcomments&post=14186"}],"version-history":[{"count":1,"href":"https:\/\/prefeitura.santarosa.rs.gov.br\/index.php?rest_route=\/wp\/v2\/posts\/14186\/revisions"}],"predecessor-version":[{"id":14189,"href":"https:\/\/prefeitura.santarosa.rs.gov.br\/index.php?rest_route=\/wp\/v2\/posts\/14186\/revisions\/14189"}],"wp:featuredmedia":[{"embeddable":true,"href":"https:\/\/prefeitura.santarosa.rs.gov.br\/index.php?rest_route=\/wp\/v2\/media\/14188"}],"wp:attachment":[{"href":"https:\/\/prefeitura.santarosa.rs.gov.br\/index.php?rest_route=%2Fwp%2Fv2%2Fmedia&parent=14186"}],"wp:term":[{"taxonomy":"category","embeddable":true,"href":"https:\/\/prefeitura.santarosa.rs.gov.br\/index.php?rest_route=%2Fwp%2Fv2%2Fcategories&post=14186"},{"taxonomy":"post_tag","embeddable":true,"href":"https:\/\/prefeitura.santarosa.rs.gov.br\/index.php?rest_route=%2Fwp%2Fv2%2Ftags&post=14186"}],"curies":[{"name":"wp","href":"https:\/\/api.w.org\/{rel}","templated":true}]}}