{"id":14175,"date":"2025-06-04T16:07:18","date_gmt":"2025-06-04T19:07:18","guid":{"rendered":"https:\/\/prefeitura.santarosa.rs.gov.br\/?p=14175"},"modified":"2025-06-04T16:07:18","modified_gmt":"2025-06-04T19:07:18","slug":"campeonato-municipal-serie-prata-santa-rosa-sesc-2025-inicia-com-grandes-jogos","status":"publish","type":"post","link":"https:\/\/prefeitura.santarosa.rs.gov.br\/?p=14175","title":{"rendered":"Campeonato Municipal S\u00e9rie Prata Santa Rosa\/Sesc 2025 inicia com grandes jogos"},"content":{"rendered":"\n<figure class=\"wp-block-image size-full\"><img fetchpriority=\"high\" decoding=\"async\" width=\"860\" height=\"645\" src=\"https:\/\/prefeitura.santarosa.rs.gov.br\/wp-content\/uploads\/2025\/06\/Formato-Site-e-Portal-860X645-JPG-2025-06-04T160557.925.jpg\" alt=\"\" class=\"wp-image-14176\" srcset=\"https:\/\/prefeitura.santarosa.rs.gov.br\/wp-content\/uploads\/2025\/06\/Formato-Site-e-Portal-860X645-JPG-2025-06-04T160557.925.jpg 860w, https:\/\/prefeitura.santarosa.rs.gov.br\/wp-content\/uploads\/2025\/06\/Formato-Site-e-Portal-860X645-JPG-2025-06-04T160557.925-300x225.jpg 300w, https:\/\/prefeitura.santarosa.rs.gov.br\/wp-content\/uploads\/2025\/06\/Formato-Site-e-Portal-860X645-JPG-2025-06-04T160557.925-768x576.jpg 768w\" sizes=\"(max-width: 860px) 100vw, 860px\" \/><\/figure>\n\n\n\n<p>Nesta semana, o Gin\u00e1sio Jo\u00e3o Batista Moroni foi palco do in\u00edcio do Campeonato Municipal S\u00e9rie Prata Santa Rosa\/Sesc 2025. Est\u00e3o participando 20 equipes divididas em quatro chaves. Os jogos seguem ao longo dos meses de junho, julho e agosto.<\/p>\n\n\n\n<p>As partidas acontecem sempre \u00e0s ter\u00e7as-feiras, a partir das 19 horas. Esta \u00e9 uma oportunidade para a comunidade participar de mais esta a\u00e7\u00e3o voltada para o esporte. O Secret\u00e1rio de Esporte, Cauh\u00e3 Pereira, destacou a import\u00e2ncia do evento, \u201cEssa \u00e9 a maior s\u00e9rie prata da hist\u00f3ria de Santa Rosa e isso, demonstra o crescimento da pr\u00e1tica esportiva na nossa cidade. O esporte \u00e9 uma ferramenta de inclus\u00e3o e desenvolvimento social. Queremos envolver a comunidade e dar oportunidades para novos talentos surgirem\u201d.<\/p>\n\n\n\n<p>As quatro partidas da rodada inaugural mostraram a garra e o talento dos jogadores, deixando os torcedores ansiosos pelo que est\u00e1 por vir. A expectativa \u00e9 que o campeonato revele novos talentos e promova tamb\u00e9m uma integra\u00e7\u00e3o entre os participantes.<\/p>\n\n\n\n<p>Cr\u00e9ditos das fotos: CKS Produ\u00e7\u00f5es<\/p>\n","protected":false},"excerpt":{"rendered":"<p>Nesta semana, o Gin\u00e1sio Jo\u00e3o Batista Moroni foi palco do in\u00edcio do Campeonato Municipal S\u00e9rie Prata Santa Rosa\/Sesc 2025. Est\u00e3o<\/p>\n","protected":false},"author":12,"featured_media":14177,"comment_status":"closed","ping_status":"closed","sticky":false,"template":"","format":"standard","meta":{"footnotes":""},"categories":[4,19],"tags":[],"class_list":["post-14175","post","type-post","status-publish","format-standard","has-post-thumbnail","hentry","category-noticias","category-secretaria-municipal-de-esporte"],"aioseo_notices":[],"_links":{"self":[{"href":"https:\/\/prefeitura.santarosa.rs.gov.br\/index.php?rest_route=\/wp\/v2\/posts\/14175","targetHints":{"allow":["GET"]}}],"collection":[{"href":"https:\/\/prefeitura.santarosa.rs.gov.br\/index.php?rest_route=\/wp\/v2\/posts"}],"about":[{"href":"https:\/\/prefeitura.santarosa.rs.gov.br\/index.php?rest_route=\/wp\/v2\/types\/post"}],"author":[{"embeddable":true,"href":"https:\/\/prefeitura.santarosa.rs.gov.br\/index.php?rest_route=\/wp\/v2\/users\/12"}],"replies":[{"embeddable":true,"href":"https:\/\/prefeitura.santarosa.rs.gov.br\/index.php?rest_route=%2Fwp%2Fv2%2Fcomments&post=14175"}],"version-history":[{"count":1,"href":"https:\/\/prefeitura.santarosa.rs.gov.br\/index.php?rest_route=\/wp\/v2\/posts\/14175\/revisions"}],"predecessor-version":[{"id":14178,"href":"https:\/\/prefeitura.santarosa.rs.gov.br\/index.php?rest_route=\/wp\/v2\/posts\/14175\/revisions\/14178"}],"wp:featuredmedia":[{"embeddable":true,"href":"https:\/\/prefeitura.santarosa.rs.gov.br\/index.php?rest_route=\/wp\/v2\/media\/14177"}],"wp:attachment":[{"href":"https:\/\/prefeitura.santarosa.rs.gov.br\/index.php?rest_route=%2Fwp%2Fv2%2Fmedia&parent=14175"}],"wp:term":[{"taxonomy":"category","embeddable":true,"href":"https:\/\/prefeitura.santarosa.rs.gov.br\/index.php?rest_route=%2Fwp%2Fv2%2Fcategories&post=14175"},{"taxonomy":"post_tag","embeddable":true,"href":"https:\/\/prefeitura.santarosa.rs.gov.br\/index.php?rest_route=%2Fwp%2Fv2%2Ftags&post=14175"}],"curies":[{"name":"wp","href":"https:\/\/api.w.org\/{rel}","templated":true}]}}