{"id":14170,"date":"2025-06-04T15:59:41","date_gmt":"2025-06-04T18:59:41","guid":{"rendered":"https:\/\/prefeitura.santarosa.rs.gov.br\/?p=14170"},"modified":"2025-06-04T15:59:41","modified_gmt":"2025-06-04T18:59:41","slug":"prefeitura-de-santa-rosa-investe-em-educacao-no-transito-nas-escolas","status":"publish","type":"post","link":"https:\/\/prefeitura.santarosa.rs.gov.br\/?p=14170","title":{"rendered":"Prefeitura de Santa Rosa investe em educa\u00e7\u00e3o no tr\u00e2nsito nas escolas"},"content":{"rendered":"\n<figure class=\"wp-block-image size-full\"><img fetchpriority=\"high\" decoding=\"async\" width=\"860\" height=\"645\" src=\"https:\/\/prefeitura.santarosa.rs.gov.br\/wp-content\/uploads\/2025\/06\/Formato-Site-e-Portal-860X645-JPG-2025-06-04T155758.232.jpg\" alt=\"\" class=\"wp-image-14171\" srcset=\"https:\/\/prefeitura.santarosa.rs.gov.br\/wp-content\/uploads\/2025\/06\/Formato-Site-e-Portal-860X645-JPG-2025-06-04T155758.232.jpg 860w, https:\/\/prefeitura.santarosa.rs.gov.br\/wp-content\/uploads\/2025\/06\/Formato-Site-e-Portal-860X645-JPG-2025-06-04T155758.232-300x225.jpg 300w, https:\/\/prefeitura.santarosa.rs.gov.br\/wp-content\/uploads\/2025\/06\/Formato-Site-e-Portal-860X645-JPG-2025-06-04T155758.232-768x576.jpg 768w\" sizes=\"(max-width: 860px) 100vw, 860px\" \/><\/figure>\n\n\n\n<p>A Prefeitura de Santa Rosa, por meio da Secretaria de Mobilidade Urbana, adquiriu novos equipamentos para o projeto de Educa\u00e7\u00e3o no Tr\u00e2nsito nas escolas da Rede Municipal de Ensino. A iniciativa tem como objetivo promover a conscientiza\u00e7\u00e3o sobre seguran\u00e7a no tr\u00e2nsito desde a inf\u00e2ncia, utilizando uma abordagem l\u00fadica e pr\u00e1tica para ensinar as regras de circula\u00e7\u00e3o e a import\u00e2ncia da cidadania no espa\u00e7o p\u00fablico. As atividades buscam formar futuros condutores e pedestres mais atentos, respons\u00e1veis e respeitosos.<\/p>\n\n\n\n<p>Foram adquiridas nove bicicletas, adaptadas para diferentes faixas et\u00e1rias, e tr\u00eas motocas que ser\u00e3o utilizadas em atividades educativas com os alunos. O Secret\u00e1rio de Mobilidade Urbana, Gilberto Kr\u00fcger, ressalta o compromisso da gest\u00e3o com a educa\u00e7\u00e3o preventiva e integrada, \u201cAo investir na forma\u00e7\u00e3o das nossas crian\u00e7as, estamos construindo uma cultura de respeito e responsabilidade no tr\u00e2nsito. Essas a\u00e7\u00f5es ser\u00e3o desenvolvidas dentro das escolas, com o apoio de educadores e agentes de tr\u00e2nsito, de forma cont\u00ednua e alinhada ao curr\u00edculo escolar\u201d.<\/p>\n\n\n\n<p>De acordo com a coordena\u00e7\u00e3o do projeto, o investimento representa um passo importante para transformar o aprendizado em experi\u00eancias reais e significativas, despertando desde cedo o respeito \u00e0s leis e \u00e0 conviv\u00eancia harmoniosa nas vias p\u00fablicas.<\/p>\n\n\n\n<p><\/p>\n","protected":false},"excerpt":{"rendered":"<p>A Prefeitura de Santa Rosa, por meio da Secretaria de Mobilidade Urbana, adquiriu novos equipamentos para o projeto de Educa\u00e7\u00e3o<\/p>\n","protected":false},"author":12,"featured_media":14172,"comment_status":"closed","ping_status":"closed","sticky":false,"template":"","format":"standard","meta":{"footnotes":""},"categories":[4,27],"tags":[],"class_list":["post-14170","post","type-post","status-publish","format-standard","has-post-thumbnail","hentry","category-noticias","category-secretaria-municipal-de-mobilidade-urbana"],"aioseo_notices":[],"_links":{"self":[{"href":"https:\/\/prefeitura.santarosa.rs.gov.br\/index.php?rest_route=\/wp\/v2\/posts\/14170","targetHints":{"allow":["GET"]}}],"collection":[{"href":"https:\/\/prefeitura.santarosa.rs.gov.br\/index.php?rest_route=\/wp\/v2\/posts"}],"about":[{"href":"https:\/\/prefeitura.santarosa.rs.gov.br\/index.php?rest_route=\/wp\/v2\/types\/post"}],"author":[{"embeddable":true,"href":"https:\/\/prefeitura.santarosa.rs.gov.br\/index.php?rest_route=\/wp\/v2\/users\/12"}],"replies":[{"embeddable":true,"href":"https:\/\/prefeitura.santarosa.rs.gov.br\/index.php?rest_route=%2Fwp%2Fv2%2Fcomments&post=14170"}],"version-history":[{"count":1,"href":"https:\/\/prefeitura.santarosa.rs.gov.br\/index.php?rest_route=\/wp\/v2\/posts\/14170\/revisions"}],"predecessor-version":[{"id":14173,"href":"https:\/\/prefeitura.santarosa.rs.gov.br\/index.php?rest_route=\/wp\/v2\/posts\/14170\/revisions\/14173"}],"wp:featuredmedia":[{"embeddable":true,"href":"https:\/\/prefeitura.santarosa.rs.gov.br\/index.php?rest_route=\/wp\/v2\/media\/14172"}],"wp:attachment":[{"href":"https:\/\/prefeitura.santarosa.rs.gov.br\/index.php?rest_route=%2Fwp%2Fv2%2Fmedia&parent=14170"}],"wp:term":[{"taxonomy":"category","embeddable":true,"href":"https:\/\/prefeitura.santarosa.rs.gov.br\/index.php?rest_route=%2Fwp%2Fv2%2Fcategories&post=14170"},{"taxonomy":"post_tag","embeddable":true,"href":"https:\/\/prefeitura.santarosa.rs.gov.br\/index.php?rest_route=%2Fwp%2Fv2%2Ftags&post=14170"}],"curies":[{"name":"wp","href":"https:\/\/api.w.org\/{rel}","templated":true}]}}