{"id":14140,"date":"2025-06-04T11:00:08","date_gmt":"2025-06-04T14:00:08","guid":{"rendered":"https:\/\/prefeitura.santarosa.rs.gov.br\/?p=14140"},"modified":"2025-06-04T11:00:09","modified_gmt":"2025-06-04T14:00:09","slug":"santa-rosa-tera-novas-aguas-dancantes-no-coracao-da-cidade","status":"publish","type":"post","link":"https:\/\/prefeitura.santarosa.rs.gov.br\/?p=14140","title":{"rendered":"Santa Rosa ter\u00e1 novas \u00c1guas Dan\u00e7antes no Cora\u00e7\u00e3o da Cidade"},"content":{"rendered":"\n<figure class=\"wp-block-image size-full\"><img fetchpriority=\"high\" decoding=\"async\" width=\"860\" height=\"645\" src=\"https:\/\/prefeitura.santarosa.rs.gov.br\/wp-content\/uploads\/2025\/06\/Formato-Site-e-Portal-860X645-JPG-2025-06-04T105719.303.jpg\" alt=\"\" class=\"wp-image-14141\" srcset=\"https:\/\/prefeitura.santarosa.rs.gov.br\/wp-content\/uploads\/2025\/06\/Formato-Site-e-Portal-860X645-JPG-2025-06-04T105719.303.jpg 860w, https:\/\/prefeitura.santarosa.rs.gov.br\/wp-content\/uploads\/2025\/06\/Formato-Site-e-Portal-860X645-JPG-2025-06-04T105719.303-300x225.jpg 300w, https:\/\/prefeitura.santarosa.rs.gov.br\/wp-content\/uploads\/2025\/06\/Formato-Site-e-Portal-860X645-JPG-2025-06-04T105719.303-768x576.jpg 768w\" sizes=\"(max-width: 860px) 100vw, 860px\" \/><\/figure>\n\n\n\n<p>A Prefeitura de Santa Rosa anunciou uma novidade que promete transformar o centro da cidade em um novo ponto de lazer, cultura e turismo. Ser\u00e1 instalada uma moderna fonte de \u00e1guas dan\u00e7antes junto \u00e0 Pra\u00e7a 10 de Agosto, no Parc\u00e3o, esquina da r\u00f3tula do Taffarel. O projeto ser\u00e1 doado pela empresa Hidrotec. Com design moderno e tecnologia de ponta, a nova atra\u00e7\u00e3o vai encantar moradores e visitantes, al\u00e9m de se tornar um novo cart\u00e3o-postal do munic\u00edpio.<\/p>\n\n\n\n<p>A iniciativa integra um conjunto de a\u00e7\u00f5es voltadas \u00e0 revitaliza\u00e7\u00e3o e qualifica\u00e7\u00e3o dos espa\u00e7os p\u00fablicos de Santa Rosa. O vice-prefeito Aldemir Ulrich destacou a import\u00e2ncia do investimento, &#8220;Estamos criando mais um espa\u00e7o de lazer e conviv\u00eancia para a comunidade. Essa nova fonte ser\u00e1 tamb\u00e9m um marco tur\u00edstico da nossa cidade, valorizando nossa paisagem urbana e atraindo quem passa pelo centro de Santa Rosa&#8221;.<\/p>\n\n\n\n<p>A nova estrutura substituir\u00e1 a antiga fonte da Avenida Rio Branco, desativada h\u00e1 anos e retirada recentemente devido \u00e0s obras da primeira etapa do Plano de Mobilidade Urbana. Ap\u00f3s estudos t\u00e9cnicos realizados com o SENAI, foi constatada a inviabilidade de reativar a antiga estrutura, que j\u00e1 n\u00e3o contava com equipamentos compat\u00edveis.<\/p>\n\n\n\n<p>No local da antiga fonte, ser\u00e1 instalada uma nova e ampla parada de \u00f4nibus com recuo interno na pra\u00e7a, oferecendo mais seguran\u00e7a e conforto aos usu\u00e1rios do transporte coletivo. O prazo de entrega do novo projeto \u00e9 de 90 dias.<\/p>\n","protected":false},"excerpt":{"rendered":"<p>A Prefeitura de Santa Rosa anunciou uma novidade que promete transformar o centro da cidade em um novo ponto de<\/p>\n","protected":false},"author":12,"featured_media":14142,"comment_status":"closed","ping_status":"closed","sticky":false,"template":"","format":"standard","meta":{"footnotes":""},"categories":[4,22],"tags":[],"class_list":["post-14140","post","type-post","status-publish","format-standard","has-post-thumbnail","hentry","category-noticias","category-secretaria-municipal-de-planejamento-e-habitacao"],"aioseo_notices":[],"_links":{"self":[{"href":"https:\/\/prefeitura.santarosa.rs.gov.br\/index.php?rest_route=\/wp\/v2\/posts\/14140","targetHints":{"allow":["GET"]}}],"collection":[{"href":"https:\/\/prefeitura.santarosa.rs.gov.br\/index.php?rest_route=\/wp\/v2\/posts"}],"about":[{"href":"https:\/\/prefeitura.santarosa.rs.gov.br\/index.php?rest_route=\/wp\/v2\/types\/post"}],"author":[{"embeddable":true,"href":"https:\/\/prefeitura.santarosa.rs.gov.br\/index.php?rest_route=\/wp\/v2\/users\/12"}],"replies":[{"embeddable":true,"href":"https:\/\/prefeitura.santarosa.rs.gov.br\/index.php?rest_route=%2Fwp%2Fv2%2Fcomments&post=14140"}],"version-history":[{"count":1,"href":"https:\/\/prefeitura.santarosa.rs.gov.br\/index.php?rest_route=\/wp\/v2\/posts\/14140\/revisions"}],"predecessor-version":[{"id":14143,"href":"https:\/\/prefeitura.santarosa.rs.gov.br\/index.php?rest_route=\/wp\/v2\/posts\/14140\/revisions\/14143"}],"wp:featuredmedia":[{"embeddable":true,"href":"https:\/\/prefeitura.santarosa.rs.gov.br\/index.php?rest_route=\/wp\/v2\/media\/14142"}],"wp:attachment":[{"href":"https:\/\/prefeitura.santarosa.rs.gov.br\/index.php?rest_route=%2Fwp%2Fv2%2Fmedia&parent=14140"}],"wp:term":[{"taxonomy":"category","embeddable":true,"href":"https:\/\/prefeitura.santarosa.rs.gov.br\/index.php?rest_route=%2Fwp%2Fv2%2Fcategories&post=14140"},{"taxonomy":"post_tag","embeddable":true,"href":"https:\/\/prefeitura.santarosa.rs.gov.br\/index.php?rest_route=%2Fwp%2Fv2%2Ftags&post=14140"}],"curies":[{"name":"wp","href":"https:\/\/api.w.org\/{rel}","templated":true}]}}