{"id":14135,"date":"2025-06-03T17:20:15","date_gmt":"2025-06-03T20:20:15","guid":{"rendered":"https:\/\/prefeitura.santarosa.rs.gov.br\/?p=14135"},"modified":"2025-06-03T17:20:15","modified_gmt":"2025-06-03T20:20:15","slug":"prefeitura-de-santa-rosa-promove-programacao-especial-no-mes-do-meio-ambiente","status":"publish","type":"post","link":"https:\/\/prefeitura.santarosa.rs.gov.br\/?p=14135","title":{"rendered":"Prefeitura de Santa Rosa promove programa\u00e7\u00e3o especial no M\u00eas do Meio Ambiente"},"content":{"rendered":"\n<figure class=\"wp-block-image size-full\"><img fetchpriority=\"high\" decoding=\"async\" width=\"860\" height=\"645\" src=\"https:\/\/prefeitura.santarosa.rs.gov.br\/wp-content\/uploads\/2025\/06\/Formato-Site-e-Portal-860X645-JPG-2025-06-03T171834.687.jpg\" alt=\"\" class=\"wp-image-14136\" srcset=\"https:\/\/prefeitura.santarosa.rs.gov.br\/wp-content\/uploads\/2025\/06\/Formato-Site-e-Portal-860X645-JPG-2025-06-03T171834.687.jpg 860w, https:\/\/prefeitura.santarosa.rs.gov.br\/wp-content\/uploads\/2025\/06\/Formato-Site-e-Portal-860X645-JPG-2025-06-03T171834.687-300x225.jpg 300w, https:\/\/prefeitura.santarosa.rs.gov.br\/wp-content\/uploads\/2025\/06\/Formato-Site-e-Portal-860X645-JPG-2025-06-03T171834.687-768x576.jpg 768w\" sizes=\"(max-width: 860px) 100vw, 860px\" \/><\/figure>\n\n\n\n<p>Em celebra\u00e7\u00e3o ao M\u00eas do Meio Ambiente, a Prefeitura de Santa Rosa, por meio da Secretaria de Meio Ambiente, ir\u00e1 promover diversas atividades com o tema \u201cAgir para transformar: nossa cidade mais sustent\u00e1vel\u201d. A programa\u00e7\u00e3o contempla a\u00e7\u00f5es voltadas \u00e0 educa\u00e7\u00e3o ambiental, bem-estar animal, sustentabilidade e conscientiza\u00e7\u00e3o sobre as mudan\u00e7as clim\u00e1ticas.<\/p>\n\n\n\n<p>O objetivo das atividades \u00e9 conscientizar a popula\u00e7\u00e3o sobre a import\u00e2ncia da preserva\u00e7\u00e3o ambiental. O Secret\u00e1rio de Meio Ambiente, Gustavo Foliatti, convida a comunidade para prestigiar as a\u00e7\u00f5es realizadas, \u201cAcreditamos que o engajamento da popula\u00e7\u00e3o \u00e9 essencial para a constru\u00e7\u00e3o de uma cidade cada vez melhor. As atividades foram pensadas para envolver diferentes p\u00fablicos e refor\u00e7ar a import\u00e2ncia da participa\u00e7\u00e3o da popula\u00e7\u00e3o nas quest\u00f5es ambientais\u201d.<\/p>\n\n\n\n<p>A programa\u00e7\u00e3o inicia no dia 6 de junho, \u00e0s 9h, com a palestra &#8220;Enfrentamento \u00e0s Mudan\u00e7as Clim\u00e1ticas: o que podemos fazer no Munic\u00edpio?&#8221;, ministrada pelo Professor Dr. Daniel Rubens Cenci, na Prefeitura. A atividade \u00e9 direcionada a servidores da SMMA, Defesa Civil e administradores. No dia 7 de junho, das 8h \u00e0s 17h, ser\u00e1 realizada mais uma edi\u00e7\u00e3o do Recicla Santa Rosa, na Pra\u00e7a da Bandeira. Estar\u00e3o dispon\u00edveis diversos servi\u00e7os como: coleta de res\u00edduos eletr\u00f4nicos e \u00f3leo de cozinha usado, doa\u00e7\u00e3o de mudas ornamentais, demonstra\u00e7\u00e3o das etapas de tratamento de \u00e1gua e doa\u00e7\u00e3o de animais de estima\u00e7\u00e3o. O evento conta com a parceria das empresas, Natusomos, Coopersol, Plastipel e CORSAN. J\u00e1 no dia 14 de junho, das 9h30min \u00e0s 11h30min, ser\u00e1 realizada uma blitz educativa em frente ao m\u00f3dulo da Brigada Militar, na Pra\u00e7a 10 de Agosto, com foco na conscientiza\u00e7\u00e3o sobre o bem-estar animal e a import\u00e2ncia da coleta seletiva do lixo.<\/p>\n\n\n\n<p>Al\u00e9m dessas a\u00e7\u00f5es, ao longo de todo o m\u00eas de junho, a equipe da Secretaria de Meio Ambiente ir\u00e1 promover palestras nas escolas da rede municipal, com o tema \u201cMeio Ambiente e Sustentabilidade\u201d, fortalecendo o compromisso com a educa\u00e7\u00e3o ambiental desde a inf\u00e2ncia.<\/p>\n","protected":false},"excerpt":{"rendered":"<p>Em celebra\u00e7\u00e3o ao M\u00eas do Meio Ambiente, a Prefeitura de Santa Rosa, por meio da Secretaria de Meio Ambiente, ir\u00e1<\/p>\n","protected":false},"author":12,"featured_media":14137,"comment_status":"closed","ping_status":"closed","sticky":false,"template":"","format":"standard","meta":{"footnotes":""},"categories":[4,20],"tags":[],"class_list":["post-14135","post","type-post","status-publish","format-standard","has-post-thumbnail","hentry","category-noticias","category-secretaria-municipal-de-meio-ambiente"],"aioseo_notices":[],"_links":{"self":[{"href":"https:\/\/prefeitura.santarosa.rs.gov.br\/index.php?rest_route=\/wp\/v2\/posts\/14135","targetHints":{"allow":["GET"]}}],"collection":[{"href":"https:\/\/prefeitura.santarosa.rs.gov.br\/index.php?rest_route=\/wp\/v2\/posts"}],"about":[{"href":"https:\/\/prefeitura.santarosa.rs.gov.br\/index.php?rest_route=\/wp\/v2\/types\/post"}],"author":[{"embeddable":true,"href":"https:\/\/prefeitura.santarosa.rs.gov.br\/index.php?rest_route=\/wp\/v2\/users\/12"}],"replies":[{"embeddable":true,"href":"https:\/\/prefeitura.santarosa.rs.gov.br\/index.php?rest_route=%2Fwp%2Fv2%2Fcomments&post=14135"}],"version-history":[{"count":1,"href":"https:\/\/prefeitura.santarosa.rs.gov.br\/index.php?rest_route=\/wp\/v2\/posts\/14135\/revisions"}],"predecessor-version":[{"id":14138,"href":"https:\/\/prefeitura.santarosa.rs.gov.br\/index.php?rest_route=\/wp\/v2\/posts\/14135\/revisions\/14138"}],"wp:featuredmedia":[{"embeddable":true,"href":"https:\/\/prefeitura.santarosa.rs.gov.br\/index.php?rest_route=\/wp\/v2\/media\/14137"}],"wp:attachment":[{"href":"https:\/\/prefeitura.santarosa.rs.gov.br\/index.php?rest_route=%2Fwp%2Fv2%2Fmedia&parent=14135"}],"wp:term":[{"taxonomy":"category","embeddable":true,"href":"https:\/\/prefeitura.santarosa.rs.gov.br\/index.php?rest_route=%2Fwp%2Fv2%2Fcategories&post=14135"},{"taxonomy":"post_tag","embeddable":true,"href":"https:\/\/prefeitura.santarosa.rs.gov.br\/index.php?rest_route=%2Fwp%2Fv2%2Ftags&post=14135"}],"curies":[{"name":"wp","href":"https:\/\/api.w.org\/{rel}","templated":true}]}}