{"id":14128,"date":"2025-06-03T17:04:08","date_gmt":"2025-06-03T20:04:08","guid":{"rendered":"https:\/\/prefeitura.santarosa.rs.gov.br\/?p=14128"},"modified":"2025-06-03T17:09:34","modified_gmt":"2025-06-03T20:09:34","slug":"cronograma-de-podas-inicia-neste-mes-de-junho","status":"publish","type":"post","link":"https:\/\/prefeitura.santarosa.rs.gov.br\/?p=14128","title":{"rendered":"Cronograma de Podas inicia neste m\u00eas de junho"},"content":{"rendered":"\n<figure class=\"wp-block-image size-full\"><img fetchpriority=\"high\" decoding=\"async\" width=\"860\" height=\"645\" src=\"https:\/\/prefeitura.santarosa.rs.gov.br\/wp-content\/uploads\/2025\/06\/Formato-Site-e-Portal-860X645-JPG-2025-06-03T165403.028.jpg\" alt=\"\" class=\"wp-image-14129\" srcset=\"https:\/\/prefeitura.santarosa.rs.gov.br\/wp-content\/uploads\/2025\/06\/Formato-Site-e-Portal-860X645-JPG-2025-06-03T165403.028.jpg 860w, https:\/\/prefeitura.santarosa.rs.gov.br\/wp-content\/uploads\/2025\/06\/Formato-Site-e-Portal-860X645-JPG-2025-06-03T165403.028-300x225.jpg 300w, https:\/\/prefeitura.santarosa.rs.gov.br\/wp-content\/uploads\/2025\/06\/Formato-Site-e-Portal-860X645-JPG-2025-06-03T165403.028-768x576.jpg 768w\" sizes=\"(max-width: 860px) 100vw, 860px\" \/><\/figure>\n\n\n\n<p>A equipe da Secretaria de Obras, com participa\u00e7\u00e3o das concession\u00e1rias de energia el\u00e9trica de Santa Rosa, RGE e Cooperluz, realizou uma reuni\u00e3o preparat\u00f3ria para programar o cronograma anual de podas e supress\u00e3o de \u00e1rvores no munic\u00edpio. O servi\u00e7o ter\u00e1 in\u00edcio na pr\u00f3xima semana e ser\u00e1 executado por uma empresa terceirizada, com supervis\u00e3o da Secretaria de Obras. O cronograma se estende at\u00e9 o m\u00eas de setembro e contempla diversas localidades.<\/p>\n\n\n\n<p>A \u00e9poca do outono\/inverno, entre os meses de junho e setembro, \u00e9 ideal para realizar as podas de manuten\u00e7\u00e3o, pois as \u00e1rvores entram em per\u00edodo de dorm\u00eancia, com menor circula\u00e7\u00e3o de seiva e metabolismo reduzido. A a\u00e7\u00e3o tamb\u00e9m conta com parceria da Secretaria de Meio Ambiente e segue crit\u00e9rios t\u00e9cnicos que avaliam o estado fitossanit\u00e1rio das \u00e1rvores e os riscos \u00e0 popula\u00e7\u00e3o. O Secret\u00e1rio de Obras, Tenente-Coronel Valtair Dornelles, destacou que neste per\u00edodo ser\u00e3o atendidos os pedidos feitos pela comunidade via protocolo, abrangendo podas, supress\u00e3o de \u00e1rvores e recolhimento de galhos em vias p\u00fablicas, \u201cEstamos organizando esse trabalho de forma estrat\u00e9gica, com apoio t\u00e9cnico e log\u00edstico, para garantir que todas as localidades sejam atendidas. Pedimos que os cidad\u00e3os fiquem atentos ao cronograma e ao realizar a poda no seu p\u00e1tio, pedimos que n\u00e3o misturem galhos com resqu\u00edcios de jardinagem, para que possamos fazer o destino correto desses materiais\u201d.<\/p>\n\n\n\n<p>A poda \u00e9 realizada quando galhos comprometem a visibilidade de sinaliza\u00e7\u00e3o de tr\u00e2nsito, a ilumina\u00e7\u00e3o p\u00fablica, a passagem de pedestres ou ve\u00edculos, ou ainda quando representam risco de queda. O secret\u00e1rio lembra que qualquer interven\u00e7\u00e3o em \u00e1rvores situadas em passeios p\u00fablicos ou nativas em \u00e1reas privadas depende de autoriza\u00e7\u00e3o pr\u00e9via do \u00f3rg\u00e3o ambiental municipal.<\/p>\n\n\n\n<p>Confira em anexo o cronograma 2025, com os meses e os locais da execu\u00e7\u00e3o do servi\u00e7o.<\/p>\n\n\n\n<div data-wp-interactive=\"core\/file\" class=\"wp-block-file\"><object data-wp-bind--hidden=\"!state.hasPdfPreview\" hidden class=\"wp-block-file__embed\" data=\"https:\/\/prefeitura.santarosa.rs.gov.br\/wp-content\/uploads\/2025\/06\/Programacao-de-podas-ATUALIZADO-.pdf\" type=\"application\/pdf\" style=\"width:100%;height:600px\" aria-label=\"Incorporado de Programa\u00e7\u00e3o de podas ATUALIZADO.\"><\/object><a id=\"wp-block-file--media-3856edce-68a7-4c70-a42c-9cb03082e54e\" href=\"https:\/\/prefeitura.santarosa.rs.gov.br\/wp-content\/uploads\/2025\/06\/Programacao-de-podas-ATUALIZADO-.pdf\">Programa\u00e7\u00e3o de podas ATUALIZADO<\/a><a href=\"https:\/\/prefeitura.santarosa.rs.gov.br\/wp-content\/uploads\/2025\/06\/Programacao-de-podas-ATUALIZADO-.pdf\" class=\"wp-block-file__button wp-element-button\" download aria-describedby=\"wp-block-file--media-3856edce-68a7-4c70-a42c-9cb03082e54e\">Baixar<\/a><\/div>\n\n\n\n<p><\/p>\n","protected":false},"excerpt":{"rendered":"<p>A equipe da Secretaria de Obras, com participa\u00e7\u00e3o das concession\u00e1rias de energia el\u00e9trica de Santa Rosa, RGE e Cooperluz, realizou<\/p>\n","protected":false},"author":12,"featured_media":14130,"comment_status":"closed","ping_status":"closed","sticky":false,"template":"","format":"standard","meta":{"footnotes":""},"categories":[4,21],"tags":[],"class_list":["post-14128","post","type-post","status-publish","format-standard","has-post-thumbnail","hentry","category-noticias","category-secretaria-municipal-de-obras"],"aioseo_notices":[],"_links":{"self":[{"href":"https:\/\/prefeitura.santarosa.rs.gov.br\/index.php?rest_route=\/wp\/v2\/posts\/14128","targetHints":{"allow":["GET"]}}],"collection":[{"href":"https:\/\/prefeitura.santarosa.rs.gov.br\/index.php?rest_route=\/wp\/v2\/posts"}],"about":[{"href":"https:\/\/prefeitura.santarosa.rs.gov.br\/index.php?rest_route=\/wp\/v2\/types\/post"}],"author":[{"embeddable":true,"href":"https:\/\/prefeitura.santarosa.rs.gov.br\/index.php?rest_route=\/wp\/v2\/users\/12"}],"replies":[{"embeddable":true,"href":"https:\/\/prefeitura.santarosa.rs.gov.br\/index.php?rest_route=%2Fwp%2Fv2%2Fcomments&post=14128"}],"version-history":[{"count":2,"href":"https:\/\/prefeitura.santarosa.rs.gov.br\/index.php?rest_route=\/wp\/v2\/posts\/14128\/revisions"}],"predecessor-version":[{"id":14134,"href":"https:\/\/prefeitura.santarosa.rs.gov.br\/index.php?rest_route=\/wp\/v2\/posts\/14128\/revisions\/14134"}],"wp:featuredmedia":[{"embeddable":true,"href":"https:\/\/prefeitura.santarosa.rs.gov.br\/index.php?rest_route=\/wp\/v2\/media\/14130"}],"wp:attachment":[{"href":"https:\/\/prefeitura.santarosa.rs.gov.br\/index.php?rest_route=%2Fwp%2Fv2%2Fmedia&parent=14128"}],"wp:term":[{"taxonomy":"category","embeddable":true,"href":"https:\/\/prefeitura.santarosa.rs.gov.br\/index.php?rest_route=%2Fwp%2Fv2%2Fcategories&post=14128"},{"taxonomy":"post_tag","embeddable":true,"href":"https:\/\/prefeitura.santarosa.rs.gov.br\/index.php?rest_route=%2Fwp%2Fv2%2Ftags&post=14128"}],"curies":[{"name":"wp","href":"https:\/\/api.w.org\/{rel}","templated":true}]}}