{"id":14124,"date":"2025-06-03T10:28:38","date_gmt":"2025-06-03T13:28:38","guid":{"rendered":"https:\/\/prefeitura.santarosa.rs.gov.br\/?p=14124"},"modified":"2025-06-03T10:28:39","modified_gmt":"2025-06-03T13:28:39","slug":"cerca-de-800-familias-ja-contempladas-no-programa-santa-rosa-verde-e-amarela","status":"publish","type":"post","link":"https:\/\/prefeitura.santarosa.rs.gov.br\/?p=14124","title":{"rendered":"Cerca de 800 fam\u00edlias j\u00e1 contempladas no Programa Santa Rosa Verde e Amarela"},"content":{"rendered":"\n<figure class=\"wp-block-image size-full\"><img fetchpriority=\"high\" decoding=\"async\" width=\"860\" height=\"645\" src=\"https:\/\/prefeitura.santarosa.rs.gov.br\/wp-content\/uploads\/2025\/06\/Formato-Site-e-Portal-860X645-JPG-2025-06-03T102705.792.jpg\" alt=\"\" class=\"wp-image-14125\" srcset=\"https:\/\/prefeitura.santarosa.rs.gov.br\/wp-content\/uploads\/2025\/06\/Formato-Site-e-Portal-860X645-JPG-2025-06-03T102705.792.jpg 860w, https:\/\/prefeitura.santarosa.rs.gov.br\/wp-content\/uploads\/2025\/06\/Formato-Site-e-Portal-860X645-JPG-2025-06-03T102705.792-300x225.jpg 300w, https:\/\/prefeitura.santarosa.rs.gov.br\/wp-content\/uploads\/2025\/06\/Formato-Site-e-Portal-860X645-JPG-2025-06-03T102705.792-768x576.jpg 768w\" sizes=\"(max-width: 860px) 100vw, 860px\" \/><\/figure>\n\n\n\n<p>O Programa Habitacional Santa Rosa Verde e Amarela, lan\u00e7ado pelo Governo Municipal, continua avan\u00e7ando e mudando a realidade de centenas de fam\u00edlias santa-rosenses. Desde sua cria\u00e7\u00e3o, o programa j\u00e1 contemplou 786 fam\u00edlias, totalizando mais de R$ 14,2 milh\u00f5es investidos diretamente pela Prefeitura. Outros 40 processos seguem em tramita\u00e7\u00e3o, passando por an\u00e1lise da documenta\u00e7\u00e3o junto ao Departamento de Habita\u00e7\u00e3o. A iniciativa oferece subs\u00eddio de R$ 18 mil para facilitar a compra ou constru\u00e7\u00e3o da casa pr\u00f3pria.<\/p>\n\n\n\n<p>Podem participar do programa fam\u00edlias com renda bruta de at\u00e9 R$ 9 mil, para aquisi\u00e7\u00e3o de im\u00f3vel novo ou constru\u00e7\u00e3o, com valor financiado de at\u00e9 R$ 350 mil. Para o Prefeito Anderson Mantei, o programa reafirma o compromisso do governo com pol\u00edticas p\u00fablicas que geram impacto direto na vida da popula\u00e7\u00e3o, \u201cO Santa Rosa Verde e Amarela \u00e9 um exemplo de como o poder p\u00fablico pode transformar realidades, ajudando centenas de fam\u00edlias a realizarem o sonho da casa pr\u00f3pria\u201d.<\/p>\n\n\n\n<p>Para acessar o benef\u00edcio, os interessados devem procurar uma institui\u00e7\u00e3o financeira ou de cr\u00e9dito para o financiamento. Ap\u00f3s a aprova\u00e7\u00e3o dentro dos crit\u00e9rios exigidos, o subs\u00eddio \u00e9 liberado pelo munic\u00edpio.<\/p>\n\n\n\n<p>Requisitos para participar do programa:<br>\u2022 Ser maior de idade ou emancipado<br>\u2022 N\u00e3o possuir im\u00f3vel residencial urbano em Santa Rosa<br>\u2022 Ter renda familiar bruta de at\u00e9 R$ 9 mil<\/p>\n","protected":false},"excerpt":{"rendered":"<p>O Programa Habitacional Santa Rosa Verde e Amarela, lan\u00e7ado pelo Governo Municipal, continua avan\u00e7ando e mudando a realidade de centenas<\/p>\n","protected":false},"author":12,"featured_media":14126,"comment_status":"closed","ping_status":"closed","sticky":false,"template":"","format":"standard","meta":{"footnotes":""},"categories":[4,22],"tags":[],"class_list":["post-14124","post","type-post","status-publish","format-standard","has-post-thumbnail","hentry","category-noticias","category-secretaria-municipal-de-planejamento-e-habitacao"],"aioseo_notices":[],"_links":{"self":[{"href":"https:\/\/prefeitura.santarosa.rs.gov.br\/index.php?rest_route=\/wp\/v2\/posts\/14124","targetHints":{"allow":["GET"]}}],"collection":[{"href":"https:\/\/prefeitura.santarosa.rs.gov.br\/index.php?rest_route=\/wp\/v2\/posts"}],"about":[{"href":"https:\/\/prefeitura.santarosa.rs.gov.br\/index.php?rest_route=\/wp\/v2\/types\/post"}],"author":[{"embeddable":true,"href":"https:\/\/prefeitura.santarosa.rs.gov.br\/index.php?rest_route=\/wp\/v2\/users\/12"}],"replies":[{"embeddable":true,"href":"https:\/\/prefeitura.santarosa.rs.gov.br\/index.php?rest_route=%2Fwp%2Fv2%2Fcomments&post=14124"}],"version-history":[{"count":1,"href":"https:\/\/prefeitura.santarosa.rs.gov.br\/index.php?rest_route=\/wp\/v2\/posts\/14124\/revisions"}],"predecessor-version":[{"id":14127,"href":"https:\/\/prefeitura.santarosa.rs.gov.br\/index.php?rest_route=\/wp\/v2\/posts\/14124\/revisions\/14127"}],"wp:featuredmedia":[{"embeddable":true,"href":"https:\/\/prefeitura.santarosa.rs.gov.br\/index.php?rest_route=\/wp\/v2\/media\/14126"}],"wp:attachment":[{"href":"https:\/\/prefeitura.santarosa.rs.gov.br\/index.php?rest_route=%2Fwp%2Fv2%2Fmedia&parent=14124"}],"wp:term":[{"taxonomy":"category","embeddable":true,"href":"https:\/\/prefeitura.santarosa.rs.gov.br\/index.php?rest_route=%2Fwp%2Fv2%2Fcategories&post=14124"},{"taxonomy":"post_tag","embeddable":true,"href":"https:\/\/prefeitura.santarosa.rs.gov.br\/index.php?rest_route=%2Fwp%2Fv2%2Ftags&post=14124"}],"curies":[{"name":"wp","href":"https:\/\/api.w.org\/{rel}","templated":true}]}}