{"id":14119,"date":"2025-06-02T13:55:17","date_gmt":"2025-06-02T16:55:17","guid":{"rendered":"https:\/\/prefeitura.santarosa.rs.gov.br\/?p=14119"},"modified":"2025-06-02T13:55:17","modified_gmt":"2025-06-02T16:55:17","slug":"obras-do-plano-de-mobilidade-urbana-seguem-em-ritmo-acelerado","status":"publish","type":"post","link":"https:\/\/prefeitura.santarosa.rs.gov.br\/?p=14119","title":{"rendered":"Obras do Plano de Mobilidade Urbana seguem em ritmo acelerado"},"content":{"rendered":"\n<figure class=\"wp-block-image size-full\"><img fetchpriority=\"high\" decoding=\"async\" width=\"860\" height=\"645\" src=\"https:\/\/prefeitura.santarosa.rs.gov.br\/wp-content\/uploads\/2025\/06\/Formato-Site-e-Portal-860X645-JPG-2025-06-02T135149.858.jpg\" alt=\"\" class=\"wp-image-14120\" srcset=\"https:\/\/prefeitura.santarosa.rs.gov.br\/wp-content\/uploads\/2025\/06\/Formato-Site-e-Portal-860X645-JPG-2025-06-02T135149.858.jpg 860w, https:\/\/prefeitura.santarosa.rs.gov.br\/wp-content\/uploads\/2025\/06\/Formato-Site-e-Portal-860X645-JPG-2025-06-02T135149.858-300x225.jpg 300w, https:\/\/prefeitura.santarosa.rs.gov.br\/wp-content\/uploads\/2025\/06\/Formato-Site-e-Portal-860X645-JPG-2025-06-02T135149.858-768x576.jpg 768w\" sizes=\"(max-width: 860px) 100vw, 860px\" \/><\/figure>\n\n\n\n<p>As obras da primeira etapa do Plano de Mobilidade Urbana seguem em ritmo acelerado em Santa Rosa. Em apenas 20 dias de execu\u00e7\u00e3o, o projeto j\u00e1 conta com 80% da drenagem pluvial e das transi\u00e7\u00f5es de pistas nos canteiros centrais conclu\u00eddas, al\u00e9m da realiza\u00e7\u00e3o de 64% dos servi\u00e7os iniciais previstos. Com investimentos superiores a R$ 12 milh\u00f5es, de recursos pr\u00f3prios da Prefeitura, todos os trechos contratados j\u00e1 tiveram alguma interven\u00e7\u00e3o.<\/p>\n\n\n\n<p>Os servi\u00e7os iniciais nos trechos da Rua S\u00e3o Jos\u00e9 e Rua 10 de Novembro est\u00e3o com 30% da execu\u00e7\u00e3o conclu\u00edda. O vice-prefeito Aldemir Ulrich est\u00e1 acompanhando de perto o andamento das obras e refor\u00e7a a import\u00e2ncia do projeto para o desenvolvimento da cidade, \u201cEstamos todos os dias nos atualizando sobre a execu\u00e7\u00e3o deste projeto que \u00e9 um marco na moderniza\u00e7\u00e3o da infraestrutura urbana de Santa Rosa. As frentes de trabalho j\u00e1 mostram resultados concretos, e esse avan\u00e7o \u00e9 reflexo do nosso comprometimento em melhorar a mobilidade e a qualidade de vida da nossa popula\u00e7\u00e3o\u201d.<\/p>\n\n\n\n<p>O projeto, desenvolvido com base em estudos t\u00e9cnicos da Fundatec, prev\u00ea melhorias significativas no tr\u00e1fego e mobilidade da cidade. Na Travessa Expedicion\u00e1rio Izidro Leal, em frente \u00e0 pista de caminhada do quartel, a via est\u00e1 sendo alargada em 6 metros, com nova pavimenta\u00e7\u00e3o, passeio p\u00fablico, ciclovia e reestrutura\u00e7\u00e3o da cerca do 19\u00ba RC Mec. Al\u00e9m disso, est\u00e1 em andamento a constru\u00e7\u00e3o de uma nova rua nos fundos da Janeco e Sul Cores, criando uma conex\u00e3o estrat\u00e9gica com a Avenida Rio Branco, o que deve contribuir para uma maior fluidez no tr\u00e2nsito local.<\/p>\n\n\n\n<p>A previs\u00e3o de conclus\u00e3o da primeira etapa do Plano de Mobilidade Urbana \u00e9 maio de 2026.<\/p>\n","protected":false},"excerpt":{"rendered":"<p>As obras da primeira etapa do Plano de Mobilidade Urbana seguem em ritmo acelerado em Santa Rosa. Em apenas 20<\/p>\n","protected":false},"author":12,"featured_media":14121,"comment_status":"closed","ping_status":"closed","sticky":false,"template":"","format":"standard","meta":{"footnotes":""},"categories":[4,22],"tags":[],"class_list":["post-14119","post","type-post","status-publish","format-standard","has-post-thumbnail","hentry","category-noticias","category-secretaria-municipal-de-planejamento-e-habitacao"],"aioseo_notices":[],"_links":{"self":[{"href":"https:\/\/prefeitura.santarosa.rs.gov.br\/index.php?rest_route=\/wp\/v2\/posts\/14119","targetHints":{"allow":["GET"]}}],"collection":[{"href":"https:\/\/prefeitura.santarosa.rs.gov.br\/index.php?rest_route=\/wp\/v2\/posts"}],"about":[{"href":"https:\/\/prefeitura.santarosa.rs.gov.br\/index.php?rest_route=\/wp\/v2\/types\/post"}],"author":[{"embeddable":true,"href":"https:\/\/prefeitura.santarosa.rs.gov.br\/index.php?rest_route=\/wp\/v2\/users\/12"}],"replies":[{"embeddable":true,"href":"https:\/\/prefeitura.santarosa.rs.gov.br\/index.php?rest_route=%2Fwp%2Fv2%2Fcomments&post=14119"}],"version-history":[{"count":1,"href":"https:\/\/prefeitura.santarosa.rs.gov.br\/index.php?rest_route=\/wp\/v2\/posts\/14119\/revisions"}],"predecessor-version":[{"id":14122,"href":"https:\/\/prefeitura.santarosa.rs.gov.br\/index.php?rest_route=\/wp\/v2\/posts\/14119\/revisions\/14122"}],"wp:featuredmedia":[{"embeddable":true,"href":"https:\/\/prefeitura.santarosa.rs.gov.br\/index.php?rest_route=\/wp\/v2\/media\/14121"}],"wp:attachment":[{"href":"https:\/\/prefeitura.santarosa.rs.gov.br\/index.php?rest_route=%2Fwp%2Fv2%2Fmedia&parent=14119"}],"wp:term":[{"taxonomy":"category","embeddable":true,"href":"https:\/\/prefeitura.santarosa.rs.gov.br\/index.php?rest_route=%2Fwp%2Fv2%2Fcategories&post=14119"},{"taxonomy":"post_tag","embeddable":true,"href":"https:\/\/prefeitura.santarosa.rs.gov.br\/index.php?rest_route=%2Fwp%2Fv2%2Ftags&post=14119"}],"curies":[{"name":"wp","href":"https:\/\/api.w.org\/{rel}","templated":true}]}}