{"id":14095,"date":"2025-05-30T16:04:10","date_gmt":"2025-05-30T19:04:10","guid":{"rendered":"https:\/\/prefeitura.santarosa.rs.gov.br\/?p=14095"},"modified":"2025-05-30T16:10:51","modified_gmt":"2025-05-30T19:10:51","slug":"6o-campeonato-sul-noroeste-de-jiu-jitsu-esportivo-acontece-neste-sabado-em-santa-rosa","status":"publish","type":"post","link":"https:\/\/prefeitura.santarosa.rs.gov.br\/?p=14095","title":{"rendered":"6\u00ba Campeonato Sul Noroeste de Jiu-jitsu Esportivo acontece neste domingo em Santa Rosa"},"content":{"rendered":"\n<figure class=\"wp-block-image size-full\"><img fetchpriority=\"high\" decoding=\"async\" width=\"860\" height=\"645\" src=\"https:\/\/prefeitura.santarosa.rs.gov.br\/wp-content\/uploads\/2025\/05\/Formato-Site-e-Portal-860X645-JPG-2025-05-30T160109.195.jpg\" alt=\"\" class=\"wp-image-14096\" srcset=\"https:\/\/prefeitura.santarosa.rs.gov.br\/wp-content\/uploads\/2025\/05\/Formato-Site-e-Portal-860X645-JPG-2025-05-30T160109.195.jpg 860w, https:\/\/prefeitura.santarosa.rs.gov.br\/wp-content\/uploads\/2025\/05\/Formato-Site-e-Portal-860X645-JPG-2025-05-30T160109.195-300x225.jpg 300w, https:\/\/prefeitura.santarosa.rs.gov.br\/wp-content\/uploads\/2025\/05\/Formato-Site-e-Portal-860X645-JPG-2025-05-30T160109.195-768x576.jpg 768w\" sizes=\"(max-width: 860px) 100vw, 860px\" \/><\/figure>\n\n\n\n<p>Santa Rosa ser\u00e1 palco, neste domingo (1\u00ba de junho), da sexta edi\u00e7\u00e3o do Campeonato Sul Noroeste de Jiu-jitsu Esportivo, um dos maiores eventos da modalidade no interior do estado. A competi\u00e7\u00e3o ser\u00e1 realizada no Gin\u00e1sio de Esportes Pedro Deon, a partir das 9 horas, com entrada gratuita ao p\u00fablico. A a\u00e7\u00e3o \u00e9 organizada pela Escola de Jiu-jitsu South School e conta com o apoio da Prefeitura de Santa Rosa, por meio da Secretaria de Esporte.<\/p>\n\n\n\n<p>Com a participa\u00e7\u00e3o estimada de 150 atletas vindos de diversas cidades do Rio Grande do Sul e Santa Catarina, o campeonato abrange categorias infantis e adultas, reunindo competidores de alto n\u00edvel t\u00e9cnico. O Secret\u00e1rio de Esporte, Cauh\u00e3 Pereira, ressalta que o Governo Municipal \u00e9 apoiador de eventos assim que incentivam a pr\u00e1tica esportiva para todas as idades, &#8220;Apoiamos com orgulho eventos como este, que colocam Santa Rosa no cen\u00e1rio esportivo estadual e fortalecem nossos projetos de base. O jiu-jitsu tem se mostrado uma ferramenta de transforma\u00e7\u00e3o social, e investir nesse tipo de iniciativa \u00e9 acreditar no futuro da nossa juventude&#8221;.<\/p>\n\n\n\n<p>O Campeonato Sul Noroeste j\u00e1 \u00e9 tradi\u00e7\u00e3o no munic\u00edpio e ganha for\u00e7a a cada ano. O evento \u00e9 presidido pelo professor Gesiel Carvalho da Cruz, com a vice-presid\u00eancia de Lu\u00edsa Bloch, e uma equipe organizadora composta por mais de 20 integrantes. A arbitragem ser\u00e1 feita por profissionais da Confedera\u00e7\u00e3o Brasileira de Jiu-jitsu, garantindo a qualidade t\u00e9cnica da competi\u00e7\u00e3o.<\/p>\n","protected":false},"excerpt":{"rendered":"<p>Santa Rosa ser\u00e1 palco, neste domingo (1\u00ba de junho), da sexta edi\u00e7\u00e3o do Campeonato Sul Noroeste de Jiu-jitsu Esportivo, um<\/p>\n","protected":false},"author":12,"featured_media":14097,"comment_status":"closed","ping_status":"closed","sticky":false,"template":"","format":"standard","meta":{"footnotes":""},"categories":[4,19],"tags":[],"class_list":["post-14095","post","type-post","status-publish","format-standard","has-post-thumbnail","hentry","category-noticias","category-secretaria-municipal-de-esporte"],"aioseo_notices":[],"_links":{"self":[{"href":"https:\/\/prefeitura.santarosa.rs.gov.br\/index.php?rest_route=\/wp\/v2\/posts\/14095","targetHints":{"allow":["GET"]}}],"collection":[{"href":"https:\/\/prefeitura.santarosa.rs.gov.br\/index.php?rest_route=\/wp\/v2\/posts"}],"about":[{"href":"https:\/\/prefeitura.santarosa.rs.gov.br\/index.php?rest_route=\/wp\/v2\/types\/post"}],"author":[{"embeddable":true,"href":"https:\/\/prefeitura.santarosa.rs.gov.br\/index.php?rest_route=\/wp\/v2\/users\/12"}],"replies":[{"embeddable":true,"href":"https:\/\/prefeitura.santarosa.rs.gov.br\/index.php?rest_route=%2Fwp%2Fv2%2Fcomments&post=14095"}],"version-history":[{"count":3,"href":"https:\/\/prefeitura.santarosa.rs.gov.br\/index.php?rest_route=\/wp\/v2\/posts\/14095\/revisions"}],"predecessor-version":[{"id":14100,"href":"https:\/\/prefeitura.santarosa.rs.gov.br\/index.php?rest_route=\/wp\/v2\/posts\/14095\/revisions\/14100"}],"wp:featuredmedia":[{"embeddable":true,"href":"https:\/\/prefeitura.santarosa.rs.gov.br\/index.php?rest_route=\/wp\/v2\/media\/14097"}],"wp:attachment":[{"href":"https:\/\/prefeitura.santarosa.rs.gov.br\/index.php?rest_route=%2Fwp%2Fv2%2Fmedia&parent=14095"}],"wp:term":[{"taxonomy":"category","embeddable":true,"href":"https:\/\/prefeitura.santarosa.rs.gov.br\/index.php?rest_route=%2Fwp%2Fv2%2Fcategories&post=14095"},{"taxonomy":"post_tag","embeddable":true,"href":"https:\/\/prefeitura.santarosa.rs.gov.br\/index.php?rest_route=%2Fwp%2Fv2%2Ftags&post=14095"}],"curies":[{"name":"wp","href":"https:\/\/api.w.org\/{rel}","templated":true}]}}