{"id":14090,"date":"2025-05-29T15:18:06","date_gmt":"2025-05-29T18:18:06","guid":{"rendered":"https:\/\/prefeitura.santarosa.rs.gov.br\/?p=14090"},"modified":"2025-05-29T15:18:06","modified_gmt":"2025-05-29T18:18:06","slug":"fumssar-apresenta-dados-do-primeiro-quadrimestre-de-2025-em-audiencia-publica","status":"publish","type":"post","link":"https:\/\/prefeitura.santarosa.rs.gov.br\/?p=14090","title":{"rendered":"FUMSSAR apresenta dados do primeiro quadrimestre de 2025 em audi\u00eancia p\u00fablica"},"content":{"rendered":"\n<figure class=\"wp-block-image size-full\"><img fetchpriority=\"high\" decoding=\"async\" width=\"860\" height=\"645\" src=\"https:\/\/prefeitura.santarosa.rs.gov.br\/wp-content\/uploads\/2025\/05\/Formato-Site-e-Portal-860X645-JPG-2025-05-29T151638.798.jpg\" alt=\"\" class=\"wp-image-14091\" srcset=\"https:\/\/prefeitura.santarosa.rs.gov.br\/wp-content\/uploads\/2025\/05\/Formato-Site-e-Portal-860X645-JPG-2025-05-29T151638.798.jpg 860w, https:\/\/prefeitura.santarosa.rs.gov.br\/wp-content\/uploads\/2025\/05\/Formato-Site-e-Portal-860X645-JPG-2025-05-29T151638.798-300x225.jpg 300w, https:\/\/prefeitura.santarosa.rs.gov.br\/wp-content\/uploads\/2025\/05\/Formato-Site-e-Portal-860X645-JPG-2025-05-29T151638.798-768x576.jpg 768w\" sizes=\"(max-width: 860px) 100vw, 860px\" \/><\/figure>\n\n\n\n<p>Nesta semana, foi realizada no Plen\u00e1rio \u00c9tore Alberto Beltrame, uma Audi\u00eancia P\u00fablica da Sa\u00fade referente ao 1\u00ba quadrimestre de 2025. Na ocasi\u00e3o, a Funda\u00e7\u00e3o Municipal de Sa\u00fade de Santa Rosa (FUMSSAR) apresentou os relat\u00f3rios de Gest\u00e3o Financeira e de Aten\u00e7\u00e3o \u00e0 Sa\u00fade, destacando as principais a\u00e7\u00f5es e avan\u00e7os na \u00e1rea.<\/p>\n\n\n\n<p>A sa\u00fade p\u00fablica de Santa Rosa teve no 1\u00ba quadrimestre um investimento de R$ 57.708.382,42. Entre os temas de maior relev\u00e2ncia, estiveram a mudan\u00e7a no Sistema de Acolhimento dos usu\u00e1rios do SUS, a implementa\u00e7\u00e3o da 9\u00aa Unidade B\u00e1sica de Sa\u00fade com 3\u00ba turno de atendimento (UBS Planalto), e o in\u00edcio do planejamento e capacita\u00e7\u00e3o das unidades de teleatendimento nos 78 munic\u00edpios da regi\u00e3o Macro Missioneira, dentro do programa SUS Digital. Durante sua fala, o presidente da FUMSSAR, D\u00e9lcio Stefan, destacou os avan\u00e7os e a import\u00e2ncia da presta\u00e7\u00e3o de contas para a comunidade, &#8220;Nosso compromisso com a popula\u00e7\u00e3o de Santa Rosa \u00e9 garantir que cada vez mais pessoas tenham acesso a servi\u00e7os de sa\u00fade de qualidade e de forma eficiente. Estamos trabalhando continuamente para melhorar e expandir nossa rede de aten\u00e7\u00e3o. Foi uma importante apresenta\u00e7\u00e3o, pois traz a transpar\u00eancia da aplica\u00e7\u00e3o dos recursos p\u00fablicos em sa\u00fade no nosso munic\u00edpio&#8221;.<\/p>\n\n\n\n<p>Ap\u00f3s a explana\u00e7\u00e3o dos dados, tamb\u00e9m foi realizada a apresenta\u00e7\u00e3o e aprova\u00e7\u00e3o do Plano Plurianual 2026\/2029. Al\u00e9m da presen\u00e7a no plen\u00e1rio, a audi\u00eancia p\u00fablica foi transmitida ao vivo pelos canais digitais da C\u00e2mara Municipal de Vereadores de Santa Rosa.<\/p>\n","protected":false},"excerpt":{"rendered":"<p>Nesta semana, foi realizada no Plen\u00e1rio \u00c9tore Alberto Beltrame, uma Audi\u00eancia P\u00fablica da Sa\u00fade referente ao 1\u00ba quadrimestre de 2025.<\/p>\n","protected":false},"author":12,"featured_media":14092,"comment_status":"closed","ping_status":"closed","sticky":false,"template":"","format":"standard","meta":{"footnotes":""},"categories":[4,8],"tags":[],"class_list":["post-14090","post","type-post","status-publish","format-standard","has-post-thumbnail","hentry","category-noticias","category-noticias-fumssar"],"aioseo_notices":[],"_links":{"self":[{"href":"https:\/\/prefeitura.santarosa.rs.gov.br\/index.php?rest_route=\/wp\/v2\/posts\/14090","targetHints":{"allow":["GET"]}}],"collection":[{"href":"https:\/\/prefeitura.santarosa.rs.gov.br\/index.php?rest_route=\/wp\/v2\/posts"}],"about":[{"href":"https:\/\/prefeitura.santarosa.rs.gov.br\/index.php?rest_route=\/wp\/v2\/types\/post"}],"author":[{"embeddable":true,"href":"https:\/\/prefeitura.santarosa.rs.gov.br\/index.php?rest_route=\/wp\/v2\/users\/12"}],"replies":[{"embeddable":true,"href":"https:\/\/prefeitura.santarosa.rs.gov.br\/index.php?rest_route=%2Fwp%2Fv2%2Fcomments&post=14090"}],"version-history":[{"count":1,"href":"https:\/\/prefeitura.santarosa.rs.gov.br\/index.php?rest_route=\/wp\/v2\/posts\/14090\/revisions"}],"predecessor-version":[{"id":14093,"href":"https:\/\/prefeitura.santarosa.rs.gov.br\/index.php?rest_route=\/wp\/v2\/posts\/14090\/revisions\/14093"}],"wp:featuredmedia":[{"embeddable":true,"href":"https:\/\/prefeitura.santarosa.rs.gov.br\/index.php?rest_route=\/wp\/v2\/media\/14092"}],"wp:attachment":[{"href":"https:\/\/prefeitura.santarosa.rs.gov.br\/index.php?rest_route=%2Fwp%2Fv2%2Fmedia&parent=14090"}],"wp:term":[{"taxonomy":"category","embeddable":true,"href":"https:\/\/prefeitura.santarosa.rs.gov.br\/index.php?rest_route=%2Fwp%2Fv2%2Fcategories&post=14090"},{"taxonomy":"post_tag","embeddable":true,"href":"https:\/\/prefeitura.santarosa.rs.gov.br\/index.php?rest_route=%2Fwp%2Fv2%2Ftags&post=14090"}],"curies":[{"name":"wp","href":"https:\/\/api.w.org\/{rel}","templated":true}]}}