{"id":14086,"date":"2025-05-29T13:41:40","date_gmt":"2025-05-29T16:41:40","guid":{"rendered":"https:\/\/prefeitura.santarosa.rs.gov.br\/?p=14086"},"modified":"2025-05-29T13:41:40","modified_gmt":"2025-05-29T16:41:40","slug":"prefeito-mantei-participa-de-um-dos-maiores-eventos-globais-sobre-governo-digital","status":"publish","type":"post","link":"https:\/\/prefeitura.santarosa.rs.gov.br\/?p=14086","title":{"rendered":"Prefeito Mantei participa de um dos maiores eventos globais sobre governo digital"},"content":{"rendered":"\n<figure class=\"wp-block-image size-full\"><img fetchpriority=\"high\" decoding=\"async\" width=\"860\" height=\"645\" src=\"https:\/\/prefeitura.santarosa.rs.gov.br\/wp-content\/uploads\/2025\/05\/Formato-Site-e-Portal-860X645-JPG-2025-05-29T133854.468.jpg\" alt=\"\" class=\"wp-image-14087\" srcset=\"https:\/\/prefeitura.santarosa.rs.gov.br\/wp-content\/uploads\/2025\/05\/Formato-Site-e-Portal-860X645-JPG-2025-05-29T133854.468.jpg 860w, https:\/\/prefeitura.santarosa.rs.gov.br\/wp-content\/uploads\/2025\/05\/Formato-Site-e-Portal-860X645-JPG-2025-05-29T133854.468-300x225.jpg 300w, https:\/\/prefeitura.santarosa.rs.gov.br\/wp-content\/uploads\/2025\/05\/Formato-Site-e-Portal-860X645-JPG-2025-05-29T133854.468-768x576.jpg 768w\" sizes=\"(max-width: 860px) 100vw, 860px\" \/><\/figure>\n\n\n\n<p>O Prefeito de Santa Rosa, Anderson Mantei, um dos integrantes convidados na miss\u00e3o internacional liderada pelo vice-governador Gabriel Souza, est\u00e1 na Est\u00f4nia cumprindo agendas junto com a comitiva do RS. Nesta quarta-feira (28), ele participou da abertura da 11\u00aa edi\u00e7\u00e3o da e-Governance Conference, um dos principais eventos globais sobre transforma\u00e7\u00e3o digital e moderniza\u00e7\u00e3o dos governos. Durante o evento, o grupo se reuniu com o presidente da Est\u00f4nia, Alar Karis, que foi um dos painelistas do dia.<\/p>\n\n\n\n<p>A confer\u00eancia \u00e9 organizada pela e-Governance Academy, fundada em 2002, em parceria com o Minist\u00e9rio das Rela\u00e7\u00f5es Exteriores da Est\u00f4nia e com o Centro Estoniano para o Desenvolvimento Internacional. O evento fortalece o interc\u00e2mbio de experi\u00eancias e boas pr\u00e1ticas internacionais, promovendo avan\u00e7os na gest\u00e3o p\u00fablica digital no Brasil e no mundo. O Prefeito Anderson Mantei ressaltou a import\u00e2ncia de participar de a\u00e7\u00f5es como esta, \u201cA troca de experi\u00eancias com um pa\u00eds que \u00e9 refer\u00eancia mundial em governo digital mostra caminhos pr\u00e1ticos para melhorarmos nossos servi\u00e7os p\u00fablicos e avan\u00e7armos em solu\u00e7\u00f5es para atender cada vez melhor a popula\u00e7\u00e3o\u201d.<\/p>\n\n\n\n<p>A programa\u00e7\u00e3o incluiu ainda visita \u00e0 empresa estoniana Cybernetica AS, refer\u00eancia em solu\u00e7\u00f5es digitais e governan\u00e7a eletr\u00f4nica. Na ocasi\u00e3o, o Governo do Rio Grande do Sul assinou um memorando de entendimento (MoU) com a empresa, prevendo a\u00e7\u00f5es conjuntas nas \u00e1reas de identidade digital, seguran\u00e7a cibern\u00e9tica e interoperabilidade de dados. Gabriel Souza destacou que a assinatura do documento marca mais um passo da estrat\u00e9gia do Rio Grande do Sul em busca da moderniza\u00e7\u00e3o dos servi\u00e7os p\u00fablicos, \u201cA Cybernetica \u00e9 uma das maiores empresas do mundo em interoperabilidade de sistemas. Essa integra\u00e7\u00e3o de dados, n\u00e3o s\u00f3 entre os \u00f3rg\u00e3os do governo do Estado, mas tamb\u00e9m entre os \u00f3rg\u00e3os municipais, as prefeituras, o governo federal e outros estados brasileiros, \u00e9 uma estrat\u00e9gia que, no futuro, pode nos levar a um sistema muito parecido com o da Est\u00f4nia\u201d.<\/p>\n\n\n\n<p>A comitiva segue com participa\u00e7\u00e3o na confer\u00eancia nesta quinta-feira (29), quando o vice-governador apresentar\u00e1 o painel \u201cRio Grande do Sul: o papel da tecnologia na gest\u00e3o p\u00fablica de emerg\u00eancia\u201d.<\/p>\n","protected":false},"excerpt":{"rendered":"<p>O Prefeito de Santa Rosa, Anderson Mantei, um dos integrantes convidados na miss\u00e3o internacional liderada pelo vice-governador Gabriel Souza, est\u00e1<\/p>\n","protected":false},"author":12,"featured_media":14088,"comment_status":"closed","ping_status":"closed","sticky":false,"template":"","format":"standard","meta":{"footnotes":""},"categories":[4,3],"tags":[],"class_list":["post-14086","post","type-post","status-publish","format-standard","has-post-thumbnail","hentry","category-noticias","category-gabinete-do-prefeito"],"aioseo_notices":[],"_links":{"self":[{"href":"https:\/\/prefeitura.santarosa.rs.gov.br\/index.php?rest_route=\/wp\/v2\/posts\/14086","targetHints":{"allow":["GET"]}}],"collection":[{"href":"https:\/\/prefeitura.santarosa.rs.gov.br\/index.php?rest_route=\/wp\/v2\/posts"}],"about":[{"href":"https:\/\/prefeitura.santarosa.rs.gov.br\/index.php?rest_route=\/wp\/v2\/types\/post"}],"author":[{"embeddable":true,"href":"https:\/\/prefeitura.santarosa.rs.gov.br\/index.php?rest_route=\/wp\/v2\/users\/12"}],"replies":[{"embeddable":true,"href":"https:\/\/prefeitura.santarosa.rs.gov.br\/index.php?rest_route=%2Fwp%2Fv2%2Fcomments&post=14086"}],"version-history":[{"count":1,"href":"https:\/\/prefeitura.santarosa.rs.gov.br\/index.php?rest_route=\/wp\/v2\/posts\/14086\/revisions"}],"predecessor-version":[{"id":14089,"href":"https:\/\/prefeitura.santarosa.rs.gov.br\/index.php?rest_route=\/wp\/v2\/posts\/14086\/revisions\/14089"}],"wp:featuredmedia":[{"embeddable":true,"href":"https:\/\/prefeitura.santarosa.rs.gov.br\/index.php?rest_route=\/wp\/v2\/media\/14088"}],"wp:attachment":[{"href":"https:\/\/prefeitura.santarosa.rs.gov.br\/index.php?rest_route=%2Fwp%2Fv2%2Fmedia&parent=14086"}],"wp:term":[{"taxonomy":"category","embeddable":true,"href":"https:\/\/prefeitura.santarosa.rs.gov.br\/index.php?rest_route=%2Fwp%2Fv2%2Fcategories&post=14086"},{"taxonomy":"post_tag","embeddable":true,"href":"https:\/\/prefeitura.santarosa.rs.gov.br\/index.php?rest_route=%2Fwp%2Fv2%2Ftags&post=14086"}],"curies":[{"name":"wp","href":"https:\/\/api.w.org\/{rel}","templated":true}]}}