{"id":14081,"date":"2025-05-28T16:35:41","date_gmt":"2025-05-28T19:35:41","guid":{"rendered":"https:\/\/prefeitura.santarosa.rs.gov.br\/?p=14081"},"modified":"2025-05-28T16:35:41","modified_gmt":"2025-05-28T19:35:41","slug":"linha-das-flores-recebe-melhorias-em-infraestrutura","status":"publish","type":"post","link":"https:\/\/prefeitura.santarosa.rs.gov.br\/?p=14081","title":{"rendered":"Linha das Flores recebe melhorias em infraestrutura"},"content":{"rendered":"\n<figure class=\"wp-block-image size-full\"><img fetchpriority=\"high\" decoding=\"async\" width=\"860\" height=\"645\" src=\"https:\/\/prefeitura.santarosa.rs.gov.br\/wp-content\/uploads\/2025\/05\/Formato-Site-e-Portal-860X645-JPG-2025-05-28T163346.450.jpg\" alt=\"\" class=\"wp-image-14082\" srcset=\"https:\/\/prefeitura.santarosa.rs.gov.br\/wp-content\/uploads\/2025\/05\/Formato-Site-e-Portal-860X645-JPG-2025-05-28T163346.450.jpg 860w, https:\/\/prefeitura.santarosa.rs.gov.br\/wp-content\/uploads\/2025\/05\/Formato-Site-e-Portal-860X645-JPG-2025-05-28T163346.450-300x225.jpg 300w, https:\/\/prefeitura.santarosa.rs.gov.br\/wp-content\/uploads\/2025\/05\/Formato-Site-e-Portal-860X645-JPG-2025-05-28T163346.450-768x576.jpg 768w\" sizes=\"(max-width: 860px) 100vw, 860px\" \/><\/figure>\n\n\n\n<p>A Secretaria de Agricultura de Santa Rosa segue intensificando os trabalhos de manuten\u00e7\u00e3o nas estradas do interior, com a\u00e7\u00f5es voltadas para a melhoria do tr\u00e1fego. Nesta ter\u00e7a-feira (27), o vice-prefeito Aldemir Ulrich, o Secret\u00e1rio de Agricultura, Gerson Karkow e o subprefeito da Vila Sete de Setembro, Oldemar Petry, estiveram na Linha das Flores vistoriando as melhorias recentemente realizadas na localidade.<\/p>\n\n\n\n<p>As equipes da manuten\u00e7\u00e3o vi\u00e1ria executaram servi\u00e7os de patrolamento e alargamento das vias, atendendo a uma demanda antiga da comunidade. De acordo com o Secret\u00e1rio Gerson Karkow, as interven\u00e7\u00f5es s\u00e3o essenciais para facilitar o deslocamento e garantir a trafegabilidade de ve\u00edculos, especialmente os utilizados na produ\u00e7\u00e3o rural, \u201cV\u00e1rias dessas estradas possu\u00edam um tamanho bem menor, o que dificultava o acesso de algumas m\u00e1quinas agr\u00edcolas e que agora conseguem passar livremente. Al\u00e9m disso, fizemos o trabalho de rompimento de laje e execu\u00e7\u00e3o de sarjetas para ter um escoamento melhor da \u00e1gua da chuva, evitando danificar a estrada\u201d.<\/p>\n\n\n\n<p>Al\u00e9m da Linha das Flores, os servi\u00e7os de manuten\u00e7\u00e3o seguem em andamento na Candeia Alta, Lajeado Capoeira e no Lajeado Paulino onde as equipes tamb\u00e9m trabalham conforme o cronograma estabelecido pela Secretaria.<\/p>\n","protected":false},"excerpt":{"rendered":"<p>A Secretaria de Agricultura de Santa Rosa segue intensificando os trabalhos de manuten\u00e7\u00e3o nas estradas do interior, com a\u00e7\u00f5es voltadas<\/p>\n","protected":false},"author":12,"featured_media":14083,"comment_status":"closed","ping_status":"closed","sticky":false,"template":"","format":"standard","meta":{"footnotes":""},"categories":[4,14],"tags":[],"class_list":["post-14081","post","type-post","status-publish","format-standard","has-post-thumbnail","hentry","category-noticias","category-secretaria-municipal-de-agricultura"],"aioseo_notices":[],"_links":{"self":[{"href":"https:\/\/prefeitura.santarosa.rs.gov.br\/index.php?rest_route=\/wp\/v2\/posts\/14081","targetHints":{"allow":["GET"]}}],"collection":[{"href":"https:\/\/prefeitura.santarosa.rs.gov.br\/index.php?rest_route=\/wp\/v2\/posts"}],"about":[{"href":"https:\/\/prefeitura.santarosa.rs.gov.br\/index.php?rest_route=\/wp\/v2\/types\/post"}],"author":[{"embeddable":true,"href":"https:\/\/prefeitura.santarosa.rs.gov.br\/index.php?rest_route=\/wp\/v2\/users\/12"}],"replies":[{"embeddable":true,"href":"https:\/\/prefeitura.santarosa.rs.gov.br\/index.php?rest_route=%2Fwp%2Fv2%2Fcomments&post=14081"}],"version-history":[{"count":1,"href":"https:\/\/prefeitura.santarosa.rs.gov.br\/index.php?rest_route=\/wp\/v2\/posts\/14081\/revisions"}],"predecessor-version":[{"id":14084,"href":"https:\/\/prefeitura.santarosa.rs.gov.br\/index.php?rest_route=\/wp\/v2\/posts\/14081\/revisions\/14084"}],"wp:featuredmedia":[{"embeddable":true,"href":"https:\/\/prefeitura.santarosa.rs.gov.br\/index.php?rest_route=\/wp\/v2\/media\/14083"}],"wp:attachment":[{"href":"https:\/\/prefeitura.santarosa.rs.gov.br\/index.php?rest_route=%2Fwp%2Fv2%2Fmedia&parent=14081"}],"wp:term":[{"taxonomy":"category","embeddable":true,"href":"https:\/\/prefeitura.santarosa.rs.gov.br\/index.php?rest_route=%2Fwp%2Fv2%2Fcategories&post=14081"},{"taxonomy":"post_tag","embeddable":true,"href":"https:\/\/prefeitura.santarosa.rs.gov.br\/index.php?rest_route=%2Fwp%2Fv2%2Ftags&post=14081"}],"curies":[{"name":"wp","href":"https:\/\/api.w.org\/{rel}","templated":true}]}}