{"id":14077,"date":"2025-05-28T10:02:39","date_gmt":"2025-05-28T13:02:39","guid":{"rendered":"https:\/\/prefeitura.santarosa.rs.gov.br\/?p=14077"},"modified":"2025-05-28T10:02:39","modified_gmt":"2025-05-28T13:02:39","slug":"prefeitura-de-santa-rosa-participa-do-dia-do-desafio-2025","status":"publish","type":"post","link":"https:\/\/prefeitura.santarosa.rs.gov.br\/?p=14077","title":{"rendered":"Prefeitura de Santa Rosa participa do Dia do Desafio 2025"},"content":{"rendered":"\n<figure class=\"wp-block-image size-full\"><img fetchpriority=\"high\" decoding=\"async\" width=\"860\" height=\"645\" src=\"https:\/\/prefeitura.santarosa.rs.gov.br\/wp-content\/uploads\/2025\/05\/Formato-Site-e-Portal-860X645-JPG-2025-05-28T095839.548.jpg\" alt=\"\" class=\"wp-image-14078\" srcset=\"https:\/\/prefeitura.santarosa.rs.gov.br\/wp-content\/uploads\/2025\/05\/Formato-Site-e-Portal-860X645-JPG-2025-05-28T095839.548.jpg 860w, https:\/\/prefeitura.santarosa.rs.gov.br\/wp-content\/uploads\/2025\/05\/Formato-Site-e-Portal-860X645-JPG-2025-05-28T095839.548-300x225.jpg 300w, https:\/\/prefeitura.santarosa.rs.gov.br\/wp-content\/uploads\/2025\/05\/Formato-Site-e-Portal-860X645-JPG-2025-05-28T095839.548-768x576.jpg 768w\" sizes=\"(max-width: 860px) 100vw, 860px\" \/><\/figure>\n\n\n\n<p>Na manh\u00e3 desta quarta-feira (28), o Pal\u00e1cio Municipal 14 de Julho foi palco de mais uma edi\u00e7\u00e3o do Dia do Desafio. A iniciativa que est\u00e1 na 30\u00aa edi\u00e7\u00e3o tem como objetivo incentivar a pr\u00e1tica regular de atividades f\u00edsicas e promover h\u00e1bitos saud\u00e1veis. Servidores p\u00fablicos municipais participaram de uma sess\u00e3o de 15 minutos de exerc\u00edcios f\u00edsicos, coordenada pelo Sesc Santa Rosa em parceria com a Secretaria de Esporte. A mobiliza\u00e7\u00e3o faz parte de um movimento global voltado ao bem-estar da popula\u00e7\u00e3o.<\/p>\n\n\n\n<p>Al\u00e9m da atividade f\u00edsica, o Dia do Desafio tamb\u00e9m promove a solidariedade. Nesta edi\u00e7\u00e3o, houve arrecada\u00e7\u00e3o de leite, que ser\u00e1 destinado ao programa Sesc Mesa Brasil, beneficiando fam\u00edlias em situa\u00e7\u00e3o de vulnerabilidade. O vice-prefeito Aldemir Ulrich participou da a\u00e7\u00e3o e destacou a import\u00e2ncia do evento, \u201cMais do que um momento de movimenta\u00e7\u00e3o corporal, o Dia do Desafio refor\u00e7a nosso compromisso com a sa\u00fade, a integra\u00e7\u00e3o e a solidariedade. \u00c9 um convite para que todos adotem um estilo de vida mais ativo\u201d.<\/p>\n\n\n\n<p>Ao longo do dia, alunos das escolas da Rede Municipal de Ensino e demais institui\u00e7\u00f5es locais tamb\u00e9m est\u00e3o participando das atividades alusivas ao evento, contribuindo para ampliar a mobiliza\u00e7\u00e3o em Santa Rosa.<\/p>\n\n\n\n<p><\/p>\n","protected":false},"excerpt":{"rendered":"<p>Na manh\u00e3 desta quarta-feira (28), o Pal\u00e1cio Municipal 14 de Julho foi palco de mais uma edi\u00e7\u00e3o do Dia do<\/p>\n","protected":false},"author":12,"featured_media":14079,"comment_status":"closed","ping_status":"closed","sticky":false,"template":"","format":"standard","meta":{"footnotes":""},"categories":[4,19],"tags":[],"class_list":["post-14077","post","type-post","status-publish","format-standard","has-post-thumbnail","hentry","category-noticias","category-secretaria-municipal-de-esporte"],"aioseo_notices":[],"_links":{"self":[{"href":"https:\/\/prefeitura.santarosa.rs.gov.br\/index.php?rest_route=\/wp\/v2\/posts\/14077","targetHints":{"allow":["GET"]}}],"collection":[{"href":"https:\/\/prefeitura.santarosa.rs.gov.br\/index.php?rest_route=\/wp\/v2\/posts"}],"about":[{"href":"https:\/\/prefeitura.santarosa.rs.gov.br\/index.php?rest_route=\/wp\/v2\/types\/post"}],"author":[{"embeddable":true,"href":"https:\/\/prefeitura.santarosa.rs.gov.br\/index.php?rest_route=\/wp\/v2\/users\/12"}],"replies":[{"embeddable":true,"href":"https:\/\/prefeitura.santarosa.rs.gov.br\/index.php?rest_route=%2Fwp%2Fv2%2Fcomments&post=14077"}],"version-history":[{"count":1,"href":"https:\/\/prefeitura.santarosa.rs.gov.br\/index.php?rest_route=\/wp\/v2\/posts\/14077\/revisions"}],"predecessor-version":[{"id":14080,"href":"https:\/\/prefeitura.santarosa.rs.gov.br\/index.php?rest_route=\/wp\/v2\/posts\/14077\/revisions\/14080"}],"wp:featuredmedia":[{"embeddable":true,"href":"https:\/\/prefeitura.santarosa.rs.gov.br\/index.php?rest_route=\/wp\/v2\/media\/14079"}],"wp:attachment":[{"href":"https:\/\/prefeitura.santarosa.rs.gov.br\/index.php?rest_route=%2Fwp%2Fv2%2Fmedia&parent=14077"}],"wp:term":[{"taxonomy":"category","embeddable":true,"href":"https:\/\/prefeitura.santarosa.rs.gov.br\/index.php?rest_route=%2Fwp%2Fv2%2Fcategories&post=14077"},{"taxonomy":"post_tag","embeddable":true,"href":"https:\/\/prefeitura.santarosa.rs.gov.br\/index.php?rest_route=%2Fwp%2Fv2%2Ftags&post=14077"}],"curies":[{"name":"wp","href":"https:\/\/api.w.org\/{rel}","templated":true}]}}