{"id":14071,"date":"2025-05-27T16:08:30","date_gmt":"2025-05-27T19:08:30","guid":{"rendered":"https:\/\/prefeitura.santarosa.rs.gov.br\/?p=14071"},"modified":"2025-05-27T16:08:30","modified_gmt":"2025-05-27T19:08:30","slug":"missao-europa-comitiva-gaucha-encerra-agendas-na-finlandia-e-segue-para-estonia","status":"publish","type":"post","link":"https:\/\/prefeitura.santarosa.rs.gov.br\/?p=14071","title":{"rendered":"Miss\u00e3o Europa: Comitiva ga\u00facha encerra agendas na Finl\u00e2ndia e segue para Est\u00f4nia"},"content":{"rendered":"\n<figure class=\"wp-block-image size-full\"><img fetchpriority=\"high\" decoding=\"async\" width=\"860\" height=\"645\" src=\"https:\/\/prefeitura.santarosa.rs.gov.br\/wp-content\/uploads\/2025\/05\/Formato-Site-e-Portal-860X645-JPG-2025-05-27T151131.743.jpg\" alt=\"\" class=\"wp-image-14072\" srcset=\"https:\/\/prefeitura.santarosa.rs.gov.br\/wp-content\/uploads\/2025\/05\/Formato-Site-e-Portal-860X645-JPG-2025-05-27T151131.743.jpg 860w, https:\/\/prefeitura.santarosa.rs.gov.br\/wp-content\/uploads\/2025\/05\/Formato-Site-e-Portal-860X645-JPG-2025-05-27T151131.743-300x225.jpg 300w, https:\/\/prefeitura.santarosa.rs.gov.br\/wp-content\/uploads\/2025\/05\/Formato-Site-e-Portal-860X645-JPG-2025-05-27T151131.743-768x576.jpg 768w\" sizes=\"(max-width: 860px) 100vw, 860px\" \/><\/figure>\n\n\n\n<p>A miss\u00e3o internacional liderada pelo vice-governador Gabriel Souza encerrou nesta ter\u00e7a-feira (27), sua passagem por Helsinki, capital da Finl\u00e2ndia. Durante dois dias, a comitiva, que inclui o Prefeito de Santa Rosa, Anderson Mantei, visitou bairros inteligentes, discutiu solu\u00e7\u00f5es em digitaliza\u00e7\u00e3o de servi\u00e7os, educa\u00e7\u00e3o e gest\u00e3o de crises.<\/p>\n\n\n\n<p>Um dos destaques foi a visita \u00e0 empresa ICEYE, refer\u00eancia global em monitoramento por sat\u00e9lite, que apresentou tecnologias capazes de mapear enchentes mesmo sob nuvens. O Prefeito Anderson Mantei, destacou as experi\u00eancias positivas que tiveram durante estes dois dias na Finl\u00e2ndia, \u201cEstamos vendo de perto solu\u00e7\u00f5es que podem transformar a gest\u00e3o p\u00fablica, modernizar os servi\u00e7os e fortalecer a resposta a desastres, algo t\u00e3o importante para o nosso munic\u00edpio e Estado\u201d.<\/p>\n\n\n\n<p>A miss\u00e3o agora segue para a Est\u00f4nia. Entre as principais atividades previstas est\u00e3o a participa\u00e7\u00e3o na confer\u00eancia internacional E-Governance, em Tallinn, onde ser\u00e3o assinados acordos de coopera\u00e7\u00e3o em governo digital e gest\u00e3o urbana. A viagem \u00e9 custeada integralmente pelo Instituto Brasileiro de Administra\u00e7\u00e3o P\u00fablica (IBAP), sem custos para o Estado ou para o munic\u00edpio de Santa Rosa.<\/p>\n","protected":false},"excerpt":{"rendered":"<p>A miss\u00e3o internacional liderada pelo vice-governador Gabriel Souza encerrou nesta ter\u00e7a-feira (27), sua passagem por Helsinki, capital da Finl\u00e2ndia. Durante<\/p>\n","protected":false},"author":12,"featured_media":14073,"comment_status":"closed","ping_status":"closed","sticky":false,"template":"","format":"standard","meta":{"footnotes":""},"categories":[4,3],"tags":[],"class_list":["post-14071","post","type-post","status-publish","format-standard","has-post-thumbnail","hentry","category-noticias","category-gabinete-do-prefeito"],"aioseo_notices":[],"_links":{"self":[{"href":"https:\/\/prefeitura.santarosa.rs.gov.br\/index.php?rest_route=\/wp\/v2\/posts\/14071","targetHints":{"allow":["GET"]}}],"collection":[{"href":"https:\/\/prefeitura.santarosa.rs.gov.br\/index.php?rest_route=\/wp\/v2\/posts"}],"about":[{"href":"https:\/\/prefeitura.santarosa.rs.gov.br\/index.php?rest_route=\/wp\/v2\/types\/post"}],"author":[{"embeddable":true,"href":"https:\/\/prefeitura.santarosa.rs.gov.br\/index.php?rest_route=\/wp\/v2\/users\/12"}],"replies":[{"embeddable":true,"href":"https:\/\/prefeitura.santarosa.rs.gov.br\/index.php?rest_route=%2Fwp%2Fv2%2Fcomments&post=14071"}],"version-history":[{"count":1,"href":"https:\/\/prefeitura.santarosa.rs.gov.br\/index.php?rest_route=\/wp\/v2\/posts\/14071\/revisions"}],"predecessor-version":[{"id":14074,"href":"https:\/\/prefeitura.santarosa.rs.gov.br\/index.php?rest_route=\/wp\/v2\/posts\/14071\/revisions\/14074"}],"wp:featuredmedia":[{"embeddable":true,"href":"https:\/\/prefeitura.santarosa.rs.gov.br\/index.php?rest_route=\/wp\/v2\/media\/14073"}],"wp:attachment":[{"href":"https:\/\/prefeitura.santarosa.rs.gov.br\/index.php?rest_route=%2Fwp%2Fv2%2Fmedia&parent=14071"}],"wp:term":[{"taxonomy":"category","embeddable":true,"href":"https:\/\/prefeitura.santarosa.rs.gov.br\/index.php?rest_route=%2Fwp%2Fv2%2Fcategories&post=14071"},{"taxonomy":"post_tag","embeddable":true,"href":"https:\/\/prefeitura.santarosa.rs.gov.br\/index.php?rest_route=%2Fwp%2Fv2%2Ftags&post=14071"}],"curies":[{"name":"wp","href":"https:\/\/api.w.org\/{rel}","templated":true}]}}