{"id":14043,"date":"2025-05-25T08:20:32","date_gmt":"2025-05-25T11:20:32","guid":{"rendered":"https:\/\/prefeitura.santarosa.rs.gov.br\/?p=14043"},"modified":"2025-05-26T08:21:42","modified_gmt":"2025-05-26T11:21:42","slug":"ultimo-dia-da-indumoveis-2025-inicia-com-confraternizacao-no-parque-de-exposicoes","status":"publish","type":"post","link":"https:\/\/prefeitura.santarosa.rs.gov.br\/?p=14043","title":{"rendered":"\u00daltimo dia da Indum\u00f3veis 2025 inicia com confraterniza\u00e7\u00e3o no Parque de Exposi\u00e7\u00f5es"},"content":{"rendered":"\n<figure class=\"wp-block-image size-full\"><img fetchpriority=\"high\" decoding=\"async\" width=\"860\" height=\"645\" src=\"https:\/\/prefeitura.santarosa.rs.gov.br\/wp-content\/uploads\/2025\/05\/Formato-Site-e-Portal-860X645-JPG-2025-05-26T082000.144.jpg\" alt=\"\" class=\"wp-image-14044\" srcset=\"https:\/\/prefeitura.santarosa.rs.gov.br\/wp-content\/uploads\/2025\/05\/Formato-Site-e-Portal-860X645-JPG-2025-05-26T082000.144.jpg 860w, https:\/\/prefeitura.santarosa.rs.gov.br\/wp-content\/uploads\/2025\/05\/Formato-Site-e-Portal-860X645-JPG-2025-05-26T082000.144-300x225.jpg 300w, https:\/\/prefeitura.santarosa.rs.gov.br\/wp-content\/uploads\/2025\/05\/Formato-Site-e-Portal-860X645-JPG-2025-05-26T082000.144-768x576.jpg 768w\" sizes=\"(max-width: 860px) 100vw, 860px\" \/><\/figure>\n\n\n\n<p>O 10\u00ba e \u00faltimo dia da Indum\u00f3veis 2025 come\u00e7ou com o tradicional Caf\u00e9 da Manh\u00e3 com os Expositores, reunindo participantes, visitantes e patrocinadores em um momento de confraterniza\u00e7\u00e3o no Parque de Exposi\u00e7\u00f5es Alfredo Leandro Carlson. A atividade marcou o in\u00edcio das a\u00e7\u00f5es de encerramento da 9\u00aa edi\u00e7\u00e3o da feira, que ao longo dos \u00faltimos dias movimentou neg\u00f3cios, ideias e conex\u00f5es.<\/p>\n\n\n\n<p>Durante o encontro, foram anunciados os nomes dos presidentes das pr\u00f3ximas edi\u00e7\u00f5es da feira: Volnei Allmer, que estar\u00e1 \u00e0 frente da Indum\u00f3veis 2027, e Djeison Drey, confirmado como presidente da edi\u00e7\u00e3o de 2029. Tamb\u00e9m foi divulgada a data da pr\u00f3xima feira, que ocorrer\u00e1 de 14 a 23 de maio de 2027, refor\u00e7ando o compromisso da organiza\u00e7\u00e3o com o planejamento antecipado e a continuidade do evento. O vice-prefeito Aldemir Ulrich destacou a import\u00e2ncia da feira para Santa Rosa e para toda a regi\u00e3o, \u201cA Indum\u00f3veis 2025 foi um verdadeiro sucesso. Recebemos visitantes de diversas cidades do Rio Grande do Sul, al\u00e9m de representantes de outros estados como Santa Catarina, Minas Gerais, Cear\u00e1 e S\u00e3o Paulo. Isso demonstra a for\u00e7a do nosso setor e o potencial de crescimento da nossa regi\u00e3o\u201d.<\/p>\n\n\n\n<p>Neste domingo (25), o Parque de Exposi\u00e7\u00f5es segue aberto ao p\u00fablico, das 10h \u00e0s 18h, com entrada gratuita. O estacionamento tem o valor de R$ 10. Al\u00e9m disso, em uma a\u00e7\u00e3o solid\u00e1ria, a organiza\u00e7\u00e3o tamb\u00e9m est\u00e1 arrecadando alimentos n\u00e3o perec\u00edveis em parceria com o Lions Uni\u00e3o, refor\u00e7ando o papel social da feira. O encerramento oficial da Indum\u00f3veis 2025 acontece \u00e0s 17h, com uma cerim\u00f4nia que celebrar\u00e1 os resultados alcan\u00e7ados nesta edi\u00e7\u00e3o.<\/p>\n","protected":false},"excerpt":{"rendered":"<p>O 10\u00ba e \u00faltimo dia da Indum\u00f3veis 2025 come\u00e7ou com o tradicional Caf\u00e9 da Manh\u00e3 com os Expositores, reunindo participantes,<\/p>\n","protected":false},"author":12,"featured_media":14045,"comment_status":"closed","ping_status":"closed","sticky":false,"template":"","format":"standard","meta":{"footnotes":""},"categories":[4,9],"tags":[],"class_list":["post-14043","post","type-post","status-publish","format-standard","has-post-thumbnail","hentry","category-noticias","category-gabinete-do-vice-prefeito"],"aioseo_notices":[],"_links":{"self":[{"href":"https:\/\/prefeitura.santarosa.rs.gov.br\/index.php?rest_route=\/wp\/v2\/posts\/14043","targetHints":{"allow":["GET"]}}],"collection":[{"href":"https:\/\/prefeitura.santarosa.rs.gov.br\/index.php?rest_route=\/wp\/v2\/posts"}],"about":[{"href":"https:\/\/prefeitura.santarosa.rs.gov.br\/index.php?rest_route=\/wp\/v2\/types\/post"}],"author":[{"embeddable":true,"href":"https:\/\/prefeitura.santarosa.rs.gov.br\/index.php?rest_route=\/wp\/v2\/users\/12"}],"replies":[{"embeddable":true,"href":"https:\/\/prefeitura.santarosa.rs.gov.br\/index.php?rest_route=%2Fwp%2Fv2%2Fcomments&post=14043"}],"version-history":[{"count":1,"href":"https:\/\/prefeitura.santarosa.rs.gov.br\/index.php?rest_route=\/wp\/v2\/posts\/14043\/revisions"}],"predecessor-version":[{"id":14046,"href":"https:\/\/prefeitura.santarosa.rs.gov.br\/index.php?rest_route=\/wp\/v2\/posts\/14043\/revisions\/14046"}],"wp:featuredmedia":[{"embeddable":true,"href":"https:\/\/prefeitura.santarosa.rs.gov.br\/index.php?rest_route=\/wp\/v2\/media\/14045"}],"wp:attachment":[{"href":"https:\/\/prefeitura.santarosa.rs.gov.br\/index.php?rest_route=%2Fwp%2Fv2%2Fmedia&parent=14043"}],"wp:term":[{"taxonomy":"category","embeddable":true,"href":"https:\/\/prefeitura.santarosa.rs.gov.br\/index.php?rest_route=%2Fwp%2Fv2%2Fcategories&post=14043"},{"taxonomy":"post_tag","embeddable":true,"href":"https:\/\/prefeitura.santarosa.rs.gov.br\/index.php?rest_route=%2Fwp%2Fv2%2Ftags&post=14043"}],"curies":[{"name":"wp","href":"https:\/\/api.w.org\/{rel}","templated":true}]}}