{"id":14035,"date":"2025-05-23T08:06:53","date_gmt":"2025-05-23T11:06:53","guid":{"rendered":"https:\/\/prefeitura.santarosa.rs.gov.br\/?p=14035"},"modified":"2025-05-26T08:07:52","modified_gmt":"2025-05-26T11:07:52","slug":"prefeitura-de-santa-rosa-autoriza-inicio-da-segunda-etapa-da-obra-da-etnia-alema","status":"publish","type":"post","link":"https:\/\/prefeitura.santarosa.rs.gov.br\/?p=14035","title":{"rendered":"Prefeitura de Santa Rosa autoriza in\u00edcio da segunda etapa da obra da Etnia Alem\u00e3"},"content":{"rendered":"\n<figure class=\"wp-block-image size-full\"><img fetchpriority=\"high\" decoding=\"async\" width=\"860\" height=\"645\" src=\"https:\/\/prefeitura.santarosa.rs.gov.br\/wp-content\/uploads\/2025\/05\/Formato-Site-e-Portal-860X645-JPG-2025-05-26T080609.988.jpg\" alt=\"\" class=\"wp-image-14036\" srcset=\"https:\/\/prefeitura.santarosa.rs.gov.br\/wp-content\/uploads\/2025\/05\/Formato-Site-e-Portal-860X645-JPG-2025-05-26T080609.988.jpg 860w, https:\/\/prefeitura.santarosa.rs.gov.br\/wp-content\/uploads\/2025\/05\/Formato-Site-e-Portal-860X645-JPG-2025-05-26T080609.988-300x225.jpg 300w, https:\/\/prefeitura.santarosa.rs.gov.br\/wp-content\/uploads\/2025\/05\/Formato-Site-e-Portal-860X645-JPG-2025-05-26T080609.988-768x576.jpg 768w\" sizes=\"(max-width: 860px) 100vw, 860px\" \/><\/figure>\n\n\n\n<p>Durante o 8\u00ba dia da Indum\u00f3veis 2025, no Parque de Exposi\u00e7\u00f5es, o Prefeito Anderson Mantei assinou a ordem de in\u00edcio da segunda etapa da obra de constru\u00e7\u00e3o do pavilh\u00e3o da Etnia Alem\u00e3. O ato contou com a presen\u00e7a do presidente da Etnia Alem\u00e3 de Santa Rosa, Eldomar Zimmermann e de representantes da empresa que ir\u00e1 executar os servi\u00e7os.<\/p>\n\n\n\n<p>O projeto contempla o fechamento do sal\u00e3o frontal, constru\u00e7\u00e3o de varandas, bar e palco, al\u00e9m da execu\u00e7\u00e3o de instala\u00e7\u00f5es el\u00e9tricas, coloca\u00e7\u00e3o de esquadrias, revestimentos de piso e pintura. Ao todo, a \u00e1rea de interven\u00e7\u00e3o \u00e9 de 383 m\u00b2. O prefeito destacou a import\u00e2ncia da obra, \u201cO fortalecimento das nossas etnias \u00e9 tamb\u00e9m a valoriza\u00e7\u00e3o da hist\u00f3ria e da cultura que formam Santa Rosa. Com essa nova etapa, a Etnia Alem\u00e3 ter\u00e1 um espa\u00e7o ainda mais qualificado para receber a comunidade e preservar suas tradi\u00e7\u00f5es\u201d.<\/p>\n\n\n\n<p>O investimento total na obra \u00e9 de R$ 288.764,75, sendo R$ 125 mil provenientes de emenda parlamentar do deputado federal Osmar Terra e R$ 163.764,75 de recursos pr\u00f3prios do munic\u00edpio. O prazo de execu\u00e7\u00e3o \u00e9 de 150 dias conforme contrato. O projeto arquitet\u00f4nico foi cedido pela Etnia Alem\u00e3, com elabora\u00e7\u00e3o da arquiteta Patr\u00edcia Zimmermann.<\/p>\n","protected":false},"excerpt":{"rendered":"<p>Durante o 8\u00ba dia da Indum\u00f3veis 2025, no Parque de Exposi\u00e7\u00f5es, o Prefeito Anderson Mantei assinou a ordem de in\u00edcio<\/p>\n","protected":false},"author":12,"featured_media":14037,"comment_status":"closed","ping_status":"closed","sticky":false,"template":"","format":"standard","meta":{"footnotes":""},"categories":[4,22],"tags":[],"class_list":["post-14035","post","type-post","status-publish","format-standard","has-post-thumbnail","hentry","category-noticias","category-secretaria-municipal-de-planejamento-e-habitacao"],"aioseo_notices":[],"_links":{"self":[{"href":"https:\/\/prefeitura.santarosa.rs.gov.br\/index.php?rest_route=\/wp\/v2\/posts\/14035","targetHints":{"allow":["GET"]}}],"collection":[{"href":"https:\/\/prefeitura.santarosa.rs.gov.br\/index.php?rest_route=\/wp\/v2\/posts"}],"about":[{"href":"https:\/\/prefeitura.santarosa.rs.gov.br\/index.php?rest_route=\/wp\/v2\/types\/post"}],"author":[{"embeddable":true,"href":"https:\/\/prefeitura.santarosa.rs.gov.br\/index.php?rest_route=\/wp\/v2\/users\/12"}],"replies":[{"embeddable":true,"href":"https:\/\/prefeitura.santarosa.rs.gov.br\/index.php?rest_route=%2Fwp%2Fv2%2Fcomments&post=14035"}],"version-history":[{"count":1,"href":"https:\/\/prefeitura.santarosa.rs.gov.br\/index.php?rest_route=\/wp\/v2\/posts\/14035\/revisions"}],"predecessor-version":[{"id":14038,"href":"https:\/\/prefeitura.santarosa.rs.gov.br\/index.php?rest_route=\/wp\/v2\/posts\/14035\/revisions\/14038"}],"wp:featuredmedia":[{"embeddable":true,"href":"https:\/\/prefeitura.santarosa.rs.gov.br\/index.php?rest_route=\/wp\/v2\/media\/14037"}],"wp:attachment":[{"href":"https:\/\/prefeitura.santarosa.rs.gov.br\/index.php?rest_route=%2Fwp%2Fv2%2Fmedia&parent=14035"}],"wp:term":[{"taxonomy":"category","embeddable":true,"href":"https:\/\/prefeitura.santarosa.rs.gov.br\/index.php?rest_route=%2Fwp%2Fv2%2Fcategories&post=14035"},{"taxonomy":"post_tag","embeddable":true,"href":"https:\/\/prefeitura.santarosa.rs.gov.br\/index.php?rest_route=%2Fwp%2Fv2%2Ftags&post=14035"}],"curies":[{"name":"wp","href":"https:\/\/api.w.org\/{rel}","templated":true}]}}