{"id":14030,"date":"2025-05-23T07:49:43","date_gmt":"2025-05-23T10:49:43","guid":{"rendered":"https:\/\/prefeitura.santarosa.rs.gov.br\/?p=14030"},"modified":"2025-05-26T07:56:14","modified_gmt":"2025-05-26T10:56:14","slug":"2a-edicao-dos-jogos-das-escolas-do-campo-vai-ocorrer-durante-o-35o-hortigranjeiros","status":"publish","type":"post","link":"https:\/\/prefeitura.santarosa.rs.gov.br\/?p=14030","title":{"rendered":"2\u00aa edi\u00e7\u00e3o dos\u00a0Jogos das Escolas do Campo\u00a0vai ocorrer\u00a0durante o 35\u00ba Hortigranjeiros"},"content":{"rendered":"\n<figure class=\"wp-block-image size-full\"><img fetchpriority=\"high\" decoding=\"async\" width=\"860\" height=\"645\" src=\"https:\/\/prefeitura.santarosa.rs.gov.br\/wp-content\/uploads\/2025\/05\/Formato-Site-e-Portal-860X645-JPG-2025-05-26T075331.374.jpg\" alt=\"\" class=\"wp-image-14031\" srcset=\"https:\/\/prefeitura.santarosa.rs.gov.br\/wp-content\/uploads\/2025\/05\/Formato-Site-e-Portal-860X645-JPG-2025-05-26T075331.374.jpg 860w, https:\/\/prefeitura.santarosa.rs.gov.br\/wp-content\/uploads\/2025\/05\/Formato-Site-e-Portal-860X645-JPG-2025-05-26T075331.374-300x225.jpg 300w, https:\/\/prefeitura.santarosa.rs.gov.br\/wp-content\/uploads\/2025\/05\/Formato-Site-e-Portal-860X645-JPG-2025-05-26T075331.374-768x576.jpg 768w\" sizes=\"(max-width: 860px) 100vw, 860px\" \/><\/figure>\n\n\n\n<p>A&nbsp;Prefeitura de Santa Rosa, por meio da Secretaria de Educa\u00e7\u00e3o e Cultura,&nbsp;vai&nbsp;realizar&nbsp;a 2\u00aa edi\u00e7\u00e3o dos&nbsp;<strong>Jogos das Escolas do Campo<\/strong>&nbsp;durante o 35\u00ba Hortigranjeiros. A competi\u00e7\u00e3o ir\u00e1 ocorrer&nbsp;nos dias&nbsp;<strong>17 de julho&nbsp;<\/strong><strong>e<\/strong><strong>&nbsp;8 de agosto<\/strong>, como parte da programa\u00e7\u00e3o&nbsp;<strong>da feira<\/strong>.&nbsp;O&nbsp;objetivo&nbsp;\u00e9&nbsp;promover a integra\u00e7\u00e3o entre as escolas do campo e fortalecer os la\u00e7os da comunidade escolar. A a\u00e7\u00e3o \u00e9 promovida em parceria com a Secretaria de Esporte, Emater\/RS-Ascar, 17\u00aa Coordenadoria Regional de Educa\u00e7\u00e3o e a Comiss\u00e3o de Educa\u00e7\u00e3o do evento.<\/p>\n\n\n\n<p>Os jogos&nbsp;ir\u00e3o&nbsp;contar com a participa\u00e7\u00e3o de cerca de&nbsp;<strong>800 estudantes<\/strong>&nbsp;das escolas do campo:&nbsp;<strong>EMEF&nbsp;15 de Novembro, EMEF \u00c9rico Ver\u00edssimo, EMEF Princesa Isabel, EEEM Jos\u00e9 Alfredo Nedel e EEEF Ermindo Vier<\/strong>. A programa\u00e7\u00e3o inclui modalidades esportivas como v\u00f4lei e futsal (nas categorias feminino e masculino), al\u00e9m de provas de atletismo como salto em dist\u00e2ncia, revezamento e corridas. Tamb\u00e9m haver\u00e1 atividades tradicionais do meio rural, como&nbsp;<strong>debulha de milho, corrida do saco, milho no buraco, chute ao pneu e cabo de guerra<\/strong>. A Secret\u00e1ria de Educa\u00e7\u00e3o e Cultura,&nbsp;<strong>Josyane Heck<\/strong>, destaca a import\u00e2ncia do evento, \u201cOs Jogos das Escolas do Campo s\u00e3o uma oportunidade valiosa de celebrar a cultura rural, promover o esp\u00edrito esportivo e fortalecer os v\u00ednculos entre estudantes, educadores e fam\u00edlias. \u00c9 um momento de integra\u00e7\u00e3o, pertencimento e valoriza\u00e7\u00e3o da nossa identidade do campo&nbsp;e que agora, junto ao Hortigranjeiros ganha mais visibilidade e for\u00e7a\u201d.<\/p>\n\n\n\n<p>A etapa classificat\u00f3ria ser\u00e1 realizada no dia&nbsp;<strong>17 de julho<\/strong>, na EMEF&nbsp;15 de Novembro. J\u00e1 a grande final ocorrer\u00e1 no dia&nbsp;<strong>8 de agosto<\/strong>,&nbsp;durante o Hortigranjeiros,&nbsp;reunindo todas as turmas, da educa\u00e7\u00e3o infantil aos anos finais, com a presen\u00e7a das fam\u00edlias e das comunidades escolares.<\/p>\n","protected":false},"excerpt":{"rendered":"<p>A&nbsp;Prefeitura de Santa Rosa, por meio da Secretaria de Educa\u00e7\u00e3o e Cultura,&nbsp;vai&nbsp;realizar&nbsp;a 2\u00aa edi\u00e7\u00e3o dos&nbsp;Jogos das Escolas do Campo&nbsp;durante o<\/p>\n","protected":false},"author":12,"featured_media":14032,"comment_status":"closed","ping_status":"closed","sticky":false,"template":"","format":"standard","meta":{"footnotes":""},"categories":[4,18],"tags":[],"class_list":["post-14030","post","type-post","status-publish","format-standard","has-post-thumbnail","hentry","category-noticias","category-secretaria-municipal-de-educacao-e-cultura"],"aioseo_notices":[],"_links":{"self":[{"href":"https:\/\/prefeitura.santarosa.rs.gov.br\/index.php?rest_route=\/wp\/v2\/posts\/14030","targetHints":{"allow":["GET"]}}],"collection":[{"href":"https:\/\/prefeitura.santarosa.rs.gov.br\/index.php?rest_route=\/wp\/v2\/posts"}],"about":[{"href":"https:\/\/prefeitura.santarosa.rs.gov.br\/index.php?rest_route=\/wp\/v2\/types\/post"}],"author":[{"embeddable":true,"href":"https:\/\/prefeitura.santarosa.rs.gov.br\/index.php?rest_route=\/wp\/v2\/users\/12"}],"replies":[{"embeddable":true,"href":"https:\/\/prefeitura.santarosa.rs.gov.br\/index.php?rest_route=%2Fwp%2Fv2%2Fcomments&post=14030"}],"version-history":[{"count":1,"href":"https:\/\/prefeitura.santarosa.rs.gov.br\/index.php?rest_route=\/wp\/v2\/posts\/14030\/revisions"}],"predecessor-version":[{"id":14033,"href":"https:\/\/prefeitura.santarosa.rs.gov.br\/index.php?rest_route=\/wp\/v2\/posts\/14030\/revisions\/14033"}],"wp:featuredmedia":[{"embeddable":true,"href":"https:\/\/prefeitura.santarosa.rs.gov.br\/index.php?rest_route=\/wp\/v2\/media\/14032"}],"wp:attachment":[{"href":"https:\/\/prefeitura.santarosa.rs.gov.br\/index.php?rest_route=%2Fwp%2Fv2%2Fmedia&parent=14030"}],"wp:term":[{"taxonomy":"category","embeddable":true,"href":"https:\/\/prefeitura.santarosa.rs.gov.br\/index.php?rest_route=%2Fwp%2Fv2%2Fcategories&post=14030"},{"taxonomy":"post_tag","embeddable":true,"href":"https:\/\/prefeitura.santarosa.rs.gov.br\/index.php?rest_route=%2Fwp%2Fv2%2Ftags&post=14030"}],"curies":[{"name":"wp","href":"https:\/\/api.w.org\/{rel}","templated":true}]}}